{"id":3817,"date":"2023-02-10T15:40:03","date_gmt":"2023-02-10T14:40:03","guid":{"rendered":"https:\/\/www.cc-laplaine-jurassienne.fr\/?p=3817"},"modified":"2025-11-18T13:52:22","modified_gmt":"2025-11-18T12:52:22","slug":"sortie-ados-initiation-quad-et-moto","status":"publish","type":"post","link":"https:\/\/www.cc-laplaine-jurassienne.fr\/index.php\/2023\/02\/10\/sortie-ados-initiation-quad-et-moto\/","title":{"rendered":"Sortie ados : Initiation quad et moto"},"content":{"rendered":"\t\t<div data-elementor-type=\"wp-post\" data-elementor-id=\"3817\" class=\"elementor elementor-3817\" data-elementor-post-type=\"post\">\n\t\t\t\t\t\t<section class=\"elementor-section elementor-top-section elementor-element elementor-element-bf3d9c8 elementor-section-boxed elementor-section-height-default elementor-section-height-default\" data-id=\"bf3d9c8\" data-element_type=\"section\" data-e-type=\"section\">\n\t\t\t\t\t\t<div class=\"elementor-container elementor-column-gap-default\">\n\t\t\t\t\t<div class=\"elementor-column elementor-col-100 elementor-top-column elementor-element elementor-element-ed99f5c\" data-id=\"ed99f5c\" data-element_type=\"column\" data-e-type=\"column\">\n\t\t\t<div class=\"elementor-widget-wrap elementor-element-populated\">\n\t\t\t\t\t\t<div class=\"elementor-element elementor-element-035ac01 elementor-widget elementor-widget-text-editor\" data-id=\"035ac01\" data-element_type=\"widget\" data-e-type=\"widget\" data-widget_type=\"text-editor.default\">\n\t\t\t\t<div class=\"elementor-widget-container\">\n\t\t\t\t\t\t\t\t\t<p>La Communaut\u00e9 de Communes de la Plaine Jurassienne propose une journ\u00e9e compl\u00e8te d&rsquo;initiation quad et moto \u00e0 Rochefort-sur-Nenon, pour les enfants de 11 \u00e0 15 ans (ann\u00e9es de naissance 2008 \u00e0 2012), le <strong>lundi 17 avril 2023<\/strong>.<\/p><p><strong>Tarifs :<\/strong> 16 \u20ac pour les enfants r\u00e9sidant sur le territoire de la Plaine Jurassienne et 32 \u20ac pour les enfants ext\u00e9rieurs.\u00a0L\u2019entr\u00e9e et le transport sont compris. Le repas doit \u00eatre tir\u00e9 du sac !<strong> Merci de privil\u00e9gier le paiement par ch\u00e8que !<\/strong><\/p><p>Le d\u00e9part est pr\u00e9vu \u00e0 8h30 et le retour \u00e0 16h45 sur le parking de la Plaine Jurassienne.\u00a0<\/p><p><strong><em>Attention les places sont limit\u00e9es \u00e0 50 enfants alors n\u2019h\u00e9sitez pas \u00e0 t\u00e9l\u00e9charger votre <a href=\"https:\/\/www.cc-laplaine-jurassienne.fr\/index.php\/nos-services\/sorties-ados\/\">fiche d\u2019inscription<\/a> d\u00e8s lundi 13 f\u00e9vrier et rendez-vous dans nos locaux le 20 f\u00e9vrier 2023 pour vous inscrire.<\/em><\/strong><\/p>\t\t\t\t\t\t\t\t<\/div>\n\t\t\t\t<\/div>\n\t\t\t\t\t<\/div>\n\t\t<\/div>\n\t\t\t\t\t<\/div>\n\t\t<\/section>\n\t\t\t\t<section class=\"elementor-section elementor-top-section elementor-element elementor-element-0d8d3b6 elementor-section-boxed elementor-section-height-default elementor-section-height-default\" data-id=\"0d8d3b6\" data-element_type=\"section\" data-e-type=\"section\">\n\t\t\t\t\t\t<div class=\"elementor-container elementor-column-gap-default\">\n\t\t\t\t\t<div class=\"elementor-column elementor-col-100 elementor-top-column elementor-element elementor-element-1b3df28\" data-id=\"1b3df28\" data-element_type=\"column\" data-e-type=\"column\">\n\t\t\t<div class=\"elementor-widget-wrap elementor-element-populated\">\n\t\t\t\t\t\t<div class=\"elementor-element elementor-element-05bfc4b elementor-widget elementor-widget-image\" data-id=\"05bfc4b\" data-element_type=\"widget\" data-e-type=\"widget\" data-widget_type=\"image.default\">\n\t\t\t\t<div class=\"elementor-widget-container\">\n\t\t\t\t\t\t\t\t\t\t\t\t\t\t\t<img fetchpriority=\"high\" decoding=\"async\" width=\"768\" height=\"1086\" src=\"https:\/\/www.cc-laplaine-jurassienne.fr\/wp-content\/uploads\/2023\/02\/Affiche-quad-moto-ados-2023-768x1086.png\" class=\"attachment-medium_large size-medium_large wp-image-3824\" alt=\"\" srcset=\"https:\/\/www.cc-laplaine-jurassienne.fr\/wp-content\/uploads\/2023\/02\/Affiche-quad-moto-ados-2023-768x1086.png 768w, https:\/\/www.cc-laplaine-jurassienne.fr\/wp-content\/uploads\/2023\/02\/Affiche-quad-moto-ados-2023-212x300.png 212w, https:\/\/www.cc-laplaine-jurassienne.fr\/wp-content\/uploads\/2023\/02\/Affiche-quad-moto-ados-2023-724x1024.png 724w, https:\/\/www.cc-laplaine-jurassienne.fr\/wp-content\/uploads\/2023\/02\/Affiche-quad-moto-ados-2023-1086x1536.png 1086w\" sizes=\"(max-width: 768px) 100vw, 768px\" \/>\t\t\t\t\t\t\t\t\t\t\t\t\t\t\t<\/div>\n\t\t\t\t<\/div>\n\t\t\t\t\t<\/div>\n\t\t<\/div>\n\t\t\t\t\t<\/div>\n\t\t<\/section>\n\t\t\t\t<\/div>\n\t\t","protected":false},"excerpt":{"rendered":"<p>La Communaut\u00e9 de Communes de la Plaine Jurassienne propose une journ\u00e9e compl\u00e8te d&rsquo;initiation quad et moto \u00e0 Rochefort-sur-Nenon, pour les enfants de 11 \u00e0 15 ans (ann\u00e9es de naissance 2008 \u00e0 2012), le lundi 17 avril 2023. Tarifs : 16 \u20ac pour les enfants r\u00e9sidant sur le territoire de la Plaine Jurassienne et 32 \u20ac [&hellip;]<\/p>\n","protected":false},"author":1,"featured_media":3794,"comment_status":"closed","ping_status":"open","sticky":false,"template":"","format":"standard","meta":{"ocean_post_layout":"","ocean_both_sidebars_style":"","ocean_both_sidebars_content_width":0,"ocean_both_sidebars_sidebars_width":0,"ocean_sidebar":"0","ocean_second_sidebar":"0","ocean_disable_margins":"enable","ocean_add_body_class":"","ocean_shortcode_before_top_bar":"","ocean_shortcode_after_top_bar":"","ocean_shortcode_before_header":"","ocean_shortcode_after_header":"","ocean_has_shortcode":"","ocean_shortcode_after_title":"","ocean_shortcode_before_footer_widgets":"","ocean_shortcode_after_footer_widgets":"","ocean_shortcode_before_footer_bottom":"","ocean_shortcode_after_footer_bottom":"","ocean_display_top_bar":"default","ocean_display_header":"default","ocean_header_style":"","ocean_center_header_left_menu":"0","ocean_custom_header_template":"0","ocean_custom_logo":0,"ocean_custom_retina_logo":0,"ocean_custom_logo_max_width":0,"ocean_custom_logo_tablet_max_width":0,"ocean_custom_logo_mobile_max_width":0,"ocean_custom_logo_max_height":0,"ocean_custom_logo_tablet_max_height":0,"ocean_custom_logo_mobile_max_height":0,"ocean_header_custom_menu":"0","ocean_menu_typo_font_family":"0","ocean_menu_typo_font_subset":"","ocean_menu_typo_font_size":0,"ocean_menu_typo_font_size_tablet":0,"ocean_menu_typo_font_size_mobile":0,"ocean_menu_typo_font_size_unit":"px","ocean_menu_typo_font_weight":"","ocean_menu_typo_font_weight_tablet":"","ocean_menu_typo_font_weight_mobile":"","ocean_menu_typo_transform":"","ocean_menu_typo_transform_tablet":"","ocean_menu_typo_transform_mobile":"","ocean_menu_typo_line_height":0,"ocean_menu_typo_line_height_tablet":0,"ocean_menu_typo_line_height_mobile":0,"ocean_menu_typo_line_height_unit":"","ocean_menu_typo_spacing":0,"ocean_menu_typo_spacing_tablet":0,"ocean_menu_typo_spacing_mobile":0,"ocean_menu_typo_spacing_unit":"","ocean_menu_link_color":"","ocean_menu_link_color_hover":"","ocean_menu_link_color_active":"","ocean_menu_link_background":"","ocean_menu_link_hover_background":"","ocean_menu_link_active_background":"","ocean_menu_social_links_bg":"","ocean_menu_social_hover_links_bg":"","ocean_menu_social_links_color":"","ocean_menu_social_hover_links_color":"","ocean_disable_title":"on","ocean_disable_heading":"default","ocean_post_title":"","ocean_post_subheading":"","ocean_post_title_style":"","ocean_post_title_background_color":"","ocean_post_title_background":0,"ocean_post_title_bg_image_position":"","ocean_post_title_bg_image_attachment":"","ocean_post_title_bg_image_repeat":"","ocean_post_title_bg_image_size":"","ocean_post_title_height":0,"ocean_post_title_bg_overlay":0.5,"ocean_post_title_bg_overlay_color":"","ocean_disable_breadcrumbs":"default","ocean_breadcrumbs_color":"","ocean_breadcrumbs_separator_color":"","ocean_breadcrumbs_links_color":"","ocean_breadcrumbs_links_hover_color":"","ocean_display_footer_widgets":"default","ocean_display_footer_bottom":"default","ocean_custom_footer_template":"0","ofc_meta_disable_footer_callout":"","ofc_meta_callout_button_url":"","ofc_meta_callout_button_txt":"","ofc_meta_callout_text":"","ofc_enable_fullscreen":"disable","ofc_fullscreen_speed":0,"ofc_fullscreen_nav":"enable","ofc_fullscreen_nav_pos":"right","ofc_fullscreen_nav_color":"","ofc_fullscreen_nav_tooltip_color":"","ofc_fullscreen_responsive":0,"osp_disable_panel":"default","osh_disable_topbar_sticky":"default","osh_disable_header_sticky":"default","osh_sticky_header_style":"default","osh_sticky_header_effect":"","osh_custom_sticky_logo":0,"osh_custom_retina_sticky_logo":0,"osh_custom_sticky_logo_height":0,"osh_background_color":"","osh_links_color":"","osh_links_hover_color":"","osh_links_active_color":"","osh_links_bg_color":"","osh_links_hover_bg_color":"","osh_links_active_bg_color":"","osh_menu_social_links_color":"","osh_menu_social_hover_links_color":"","ocean_post_oembed":"","ocean_post_self_hosted_media":"","ocean_post_video_embed":"","ocean_link_format":"","ocean_link_format_target":"self","ocean_quote_format":"","ocean_quote_format_link":"post","ocean_gallery_link_images":"off","ocean_gallery_id":[],"footnotes":""},"categories":[8],"tags":[],"class_list":["post-3817","post","type-post","status-publish","format-standard","has-post-thumbnail","hentry","category-evenement","entry","has-media"],"yoast_head":"<!-- This site is optimized with the Yoast SEO plugin v27.3 - https:\/\/yoast.com\/product\/yoast-seo-wordpress\/ -->\n<title>Sortie ados : Initiation quad et moto - Communaut\u00e9 de Communes de la Plaine Jurassienne<\/title>\n<meta name=\"robots\" content=\"index, follow, max-snippet:-1, max-image-preview:large, max-video-preview:-1\" \/>\n<link rel=\"canonical\" href=\"https:\/\/www.cc-laplaine-jurassienne.fr\/index.php\/2023\/02\/10\/sortie-ados-initiation-quad-et-moto\/\" \/>\n<meta property=\"og:locale\" content=\"fr_FR\" \/>\n<meta property=\"og:type\" content=\"article\" \/>\n<meta property=\"og:title\" content=\"Sortie ados : Initiation quad et moto - Communaut\u00e9 de Communes de la Plaine Jurassienne\" \/>\n<meta property=\"og:description\" content=\"La Communaut\u00e9 de Communes de la Plaine Jurassienne propose une journ\u00e9e compl\u00e8te d&rsquo;initiation quad et moto \u00e0 Rochefort-sur-Nenon, pour les enfants de 11 \u00e0 15 ans (ann\u00e9es de naissance 2008 \u00e0 2012), le lundi 17 avril 2023. Tarifs : 16 \u20ac pour les enfants r\u00e9sidant sur le territoire de la Plaine Jurassienne et 32 \u20ac [&hellip;]\" \/>\n<meta property=\"og:url\" content=\"https:\/\/www.cc-laplaine-jurassienne.fr\/index.php\/2023\/02\/10\/sortie-ados-initiation-quad-et-moto\/\" \/>\n<meta property=\"og:site_name\" content=\"Communaut\u00e9 de Communes de la Plaine Jurassienne\" \/>\n<meta property=\"article:published_time\" content=\"2023-02-10T14:40:03+00:00\" \/>\n<meta property=\"article:modified_time\" content=\"2025-11-18T12:52:22+00:00\" \/>\n<meta property=\"og:image\" content=\"https:\/\/www.cc-laplaine-jurassienne.fr\/wp-content\/uploads\/2023\/02\/quad-moto.jpg\" \/>\n\t<meta property=\"og:image:width\" content=\"1447\" \/>\n\t<meta property=\"og:image:height\" content=\"1123\" \/>\n\t<meta property=\"og:image:type\" content=\"image\/jpeg\" \/>\n<meta name=\"author\" content=\"Laura\" \/>\n<meta name=\"twitter:card\" content=\"summary_large_image\" \/>\n<meta name=\"twitter:label1\" content=\"\u00c9crit par\" \/>\n\t<meta name=\"twitter:data1\" content=\"Laura\" \/>\n\t<meta name=\"twitter:label2\" content=\"Dur\u00e9e de lecture estim\u00e9e\" \/>\n\t<meta name=\"twitter:data2\" content=\"2 minutes\" \/>\n<script type=\"application\/ld+json\" class=\"yoast-schema-graph\">{\"@context\":\"https:\\\/\\\/schema.org\",\"@graph\":[{\"@type\":\"Article\",\"@id\":\"https:\\\/\\\/www.cc-laplaine-jurassienne.fr\\\/index.php\\\/2023\\\/02\\\/10\\\/sortie-ados-initiation-quad-et-moto\\\/#article\",\"isPartOf\":{\"@id\":\"https:\\\/\\\/www.cc-laplaine-jurassienne.fr\\\/index.php\\\/2023\\\/02\\\/10\\\/sortie-ados-initiation-quad-et-moto\\\/\"},\"author\":{\"name\":\"Laura\",\"@id\":\"https:\\\/\\\/www.cc-laplaine-jurassienne.fr\\\/#\\\/schema\\\/person\\\/c1b95599251b6dc977a22d5ca0421eda\"},\"headline\":\"Sortie ados : Initiation quad et moto\",\"datePublished\":\"2023-02-10T14:40:03+00:00\",\"dateModified\":\"2025-11-18T12:52:22+00:00\",\"mainEntityOfPage\":{\"@id\":\"https:\\\/\\\/www.cc-laplaine-jurassienne.fr\\\/index.php\\\/2023\\\/02\\\/10\\\/sortie-ados-initiation-quad-et-moto\\\/\"},\"wordCount\":134,\"publisher\":{\"@id\":\"https:\\\/\\\/www.cc-laplaine-jurassienne.fr\\\/#organization\"},\"image\":{\"@id\":\"https:\\\/\\\/www.cc-laplaine-jurassienne.fr\\\/index.php\\\/2023\\\/02\\\/10\\\/sortie-ados-initiation-quad-et-moto\\\/#primaryimage\"},\"thumbnailUrl\":\"https:\\\/\\\/www.cc-laplaine-jurassienne.fr\\\/wp-content\\\/uploads\\\/2023\\\/02\\\/quad-moto.jpg\",\"articleSection\":[\"\u00c9v\u00e9nement\"],\"inLanguage\":\"fr-FR\"},{\"@type\":\"WebPage\",\"@id\":\"https:\\\/\\\/www.cc-laplaine-jurassienne.fr\\\/index.php\\\/2023\\\/02\\\/10\\\/sortie-ados-initiation-quad-et-moto\\\/\",\"url\":\"https:\\\/\\\/www.cc-laplaine-jurassienne.fr\\\/index.php\\\/2023\\\/02\\\/10\\\/sortie-ados-initiation-quad-et-moto\\\/\",\"name\":\"Sortie ados : Initiation quad et moto - Communaut\u00e9 de Communes de la Plaine Jurassienne\",\"isPartOf\":{\"@id\":\"https:\\\/\\\/www.cc-laplaine-jurassienne.fr\\\/#website\"},\"primaryImageOfPage\":{\"@id\":\"https:\\\/\\\/www.cc-laplaine-jurassienne.fr\\\/index.php\\\/2023\\\/02\\\/10\\\/sortie-ados-initiation-quad-et-moto\\\/#primaryimage\"},\"image\":{\"@id\":\"https:\\\/\\\/www.cc-laplaine-jurassienne.fr\\\/index.php\\\/2023\\\/02\\\/10\\\/sortie-ados-initiation-quad-et-moto\\\/#primaryimage\"},\"thumbnailUrl\":\"https:\\\/\\\/www.cc-laplaine-jurassienne.fr\\\/wp-content\\\/uploads\\\/2023\\\/02\\\/quad-moto.jpg\",\"datePublished\":\"2023-02-10T14:40:03+00:00\",\"dateModified\":\"2025-11-18T12:52:22+00:00\",\"breadcrumb\":{\"@id\":\"https:\\\/\\\/www.cc-laplaine-jurassienne.fr\\\/index.php\\\/2023\\\/02\\\/10\\\/sortie-ados-initiation-quad-et-moto\\\/#breadcrumb\"},\"inLanguage\":\"fr-FR\",\"potentialAction\":[{\"@type\":\"ReadAction\",\"target\":[\"https:\\\/\\\/www.cc-laplaine-jurassienne.fr\\\/index.php\\\/2023\\\/02\\\/10\\\/sortie-ados-initiation-quad-et-moto\\\/\"]}]},{\"@type\":\"ImageObject\",\"inLanguage\":\"fr-FR\",\"@id\":\"https:\\\/\\\/www.cc-laplaine-jurassienne.fr\\\/index.php\\\/2023\\\/02\\\/10\\\/sortie-ados-initiation-quad-et-moto\\\/#primaryimage\",\"url\":\"https:\\\/\\\/www.cc-laplaine-jurassienne.fr\\\/wp-content\\\/uploads\\\/2023\\\/02\\\/quad-moto.jpg\",\"contentUrl\":\"https:\\\/\\\/www.cc-laplaine-jurassienne.fr\\\/wp-content\\\/uploads\\\/2023\\\/02\\\/quad-moto.jpg\",\"width\":1447,\"height\":1123},{\"@type\":\"BreadcrumbList\",\"@id\":\"https:\\\/\\\/www.cc-laplaine-jurassienne.fr\\\/index.php\\\/2023\\\/02\\\/10\\\/sortie-ados-initiation-quad-et-moto\\\/#breadcrumb\",\"itemListElement\":[{\"@type\":\"ListItem\",\"position\":1,\"name\":\"Accueil\",\"item\":\"https:\\\/\\\/www.cc-laplaine-jurassienne.fr\\\/\"},{\"@type\":\"ListItem\",\"position\":2,\"name\":\"Sortie ados : Initiation quad et moto\"}]},{\"@type\":\"WebSite\",\"@id\":\"https:\\\/\\\/www.cc-laplaine-jurassienne.fr\\\/#website\",\"url\":\"https:\\\/\\\/www.cc-laplaine-jurassienne.fr\\\/\",\"name\":\"Communaut\u00e9 de Communes de la Plaine Jurassienne\",\"description\":\"\",\"publisher\":{\"@id\":\"https:\\\/\\\/www.cc-laplaine-jurassienne.fr\\\/#organization\"},\"potentialAction\":[{\"@type\":\"SearchAction\",\"target\":{\"@type\":\"EntryPoint\",\"urlTemplate\":\"https:\\\/\\\/www.cc-laplaine-jurassienne.fr\\\/?s={search_term_string}\"},\"query-input\":{\"@type\":\"PropertyValueSpecification\",\"valueRequired\":true,\"valueName\":\"search_term_string\"}}],\"inLanguage\":\"fr-FR\"},{\"@type\":\"Organization\",\"@id\":\"https:\\\/\\\/www.cc-laplaine-jurassienne.fr\\\/#organization\",\"name\":\"Communaut\u00e9 de Communes de la Plaine Jurassienne\",\"url\":\"https:\\\/\\\/www.cc-laplaine-jurassienne.fr\\\/\",\"logo\":{\"@type\":\"ImageObject\",\"inLanguage\":\"fr-FR\",\"@id\":\"https:\\\/\\\/www.cc-laplaine-jurassienne.fr\\\/#\\\/schema\\\/logo\\\/image\\\/\",\"url\":\"https:\\\/\\\/www.cc-laplaine-jurassienne.fr\\\/wp-content\\\/uploads\\\/2019\\\/11\\\/Nouveau-logo-PJ.png\",\"contentUrl\":\"https:\\\/\\\/www.cc-laplaine-jurassienne.fr\\\/wp-content\\\/uploads\\\/2019\\\/11\\\/Nouveau-logo-PJ.png\",\"width\":1794,\"height\":788,\"caption\":\"Communaut\u00e9 de Communes de la Plaine Jurassienne\"},\"image\":{\"@id\":\"https:\\\/\\\/www.cc-laplaine-jurassienne.fr\\\/#\\\/schema\\\/logo\\\/image\\\/\"}},{\"@type\":\"Person\",\"@id\":\"https:\\\/\\\/www.cc-laplaine-jurassienne.fr\\\/#\\\/schema\\\/person\\\/c1b95599251b6dc977a22d5ca0421eda\",\"name\":\"Laura\",\"image\":{\"@type\":\"ImageObject\",\"inLanguage\":\"fr-FR\",\"@id\":\"https:\\\/\\\/secure.gravatar.com\\\/avatar\\\/c0d1da44c128eac357b6b1fef002dd77022ad5a538502f661ed6d8733d5e1ea8?s=96&d=mm&r=g\",\"url\":\"https:\\\/\\\/secure.gravatar.com\\\/avatar\\\/c0d1da44c128eac357b6b1fef002dd77022ad5a538502f661ed6d8733d5e1ea8?s=96&d=mm&r=g\",\"contentUrl\":\"https:\\\/\\\/secure.gravatar.com\\\/avatar\\\/c0d1da44c128eac357b6b1fef002dd77022ad5a538502f661ed6d8733d5e1ea8?s=96&d=mm&r=g\",\"caption\":\"Laura\"},\"url\":\"https:\\\/\\\/www.cc-laplaine-jurassienne.fr\\\/index.php\\\/author\\\/admin3421\\\/\"}]}<\/script>\n<!-- \/ Yoast SEO plugin. -->","yoast_head_json":{"title":"Sortie ados : Initiation quad et moto - Communaut\u00e9 de Communes de la Plaine Jurassienne","robots":{"index":"index","follow":"follow","max-snippet":"max-snippet:-1","max-image-preview":"max-image-preview:large","max-video-preview":"max-video-preview:-1"},"canonical":"https:\/\/www.cc-laplaine-jurassienne.fr\/index.php\/2023\/02\/10\/sortie-ados-initiation-quad-et-moto\/","og_locale":"fr_FR","og_type":"article","og_title":"Sortie ados : Initiation quad et moto - Communaut\u00e9 de Communes de la Plaine Jurassienne","og_description":"La Communaut\u00e9 de Communes de la Plaine Jurassienne propose une journ\u00e9e compl\u00e8te d&rsquo;initiation quad et moto \u00e0 Rochefort-sur-Nenon, pour les enfants de 11 \u00e0 15 ans (ann\u00e9es de naissance 2008 \u00e0 2012), le lundi 17 avril 2023. Tarifs : 16 \u20ac pour les enfants r\u00e9sidant sur le territoire de la Plaine Jurassienne et 32 \u20ac [&hellip;]","og_url":"https:\/\/www.cc-laplaine-jurassienne.fr\/index.php\/2023\/02\/10\/sortie-ados-initiation-quad-et-moto\/","og_site_name":"Communaut\u00e9 de Communes de la Plaine Jurassienne","article_published_time":"2023-02-10T14:40:03+00:00","article_modified_time":"2025-11-18T12:52:22+00:00","og_image":[{"width":1447,"height":1123,"url":"https:\/\/www.cc-laplaine-jurassienne.fr\/wp-content\/uploads\/2023\/02\/quad-moto.jpg","type":"image\/jpeg"}],"author":"Laura","twitter_card":"summary_large_image","twitter_misc":{"\u00c9crit par":"Laura","Dur\u00e9e de lecture estim\u00e9e":"2 minutes"},"schema":{"@context":"https:\/\/schema.org","@graph":[{"@type":"Article","@id":"https:\/\/www.cc-laplaine-jurassienne.fr\/index.php\/2023\/02\/10\/sortie-ados-initiation-quad-et-moto\/#article","isPartOf":{"@id":"https:\/\/www.cc-laplaine-jurassienne.fr\/index.php\/2023\/02\/10\/sortie-ados-initiation-quad-et-moto\/"},"author":{"name":"Laura","@id":"https:\/\/www.cc-laplaine-jurassienne.fr\/#\/schema\/person\/c1b95599251b6dc977a22d5ca0421eda"},"headline":"Sortie ados : Initiation quad et moto","datePublished":"2023-02-10T14:40:03+00:00","dateModified":"2025-11-18T12:52:22+00:00","mainEntityOfPage":{"@id":"https:\/\/www.cc-laplaine-jurassienne.fr\/index.php\/2023\/02\/10\/sortie-ados-initiation-quad-et-moto\/"},"wordCount":134,"publisher":{"@id":"https:\/\/www.cc-laplaine-jurassienne.fr\/#organization"},"image":{"@id":"https:\/\/www.cc-laplaine-jurassienne.fr\/index.php\/2023\/02\/10\/sortie-ados-initiation-quad-et-moto\/#primaryimage"},"thumbnailUrl":"https:\/\/www.cc-laplaine-jurassienne.fr\/wp-content\/uploads\/2023\/02\/quad-moto.jpg","articleSection":["\u00c9v\u00e9nement"],"inLanguage":"fr-FR"},{"@type":"WebPage","@id":"https:\/\/www.cc-laplaine-jurassienne.fr\/index.php\/2023\/02\/10\/sortie-ados-initiation-quad-et-moto\/","url":"https:\/\/www.cc-laplaine-jurassienne.fr\/index.php\/2023\/02\/10\/sortie-ados-initiation-quad-et-moto\/","name":"Sortie ados : Initiation quad et moto - Communaut\u00e9 de Communes de la Plaine Jurassienne","isPartOf":{"@id":"https:\/\/www.cc-laplaine-jurassienne.fr\/#website"},"primaryImageOfPage":{"@id":"https:\/\/www.cc-laplaine-jurassienne.fr\/index.php\/2023\/02\/10\/sortie-ados-initiation-quad-et-moto\/#primaryimage"},"image":{"@id":"https:\/\/www.cc-laplaine-jurassienne.fr\/index.php\/2023\/02\/10\/sortie-ados-initiation-quad-et-moto\/#primaryimage"},"thumbnailUrl":"https:\/\/www.cc-laplaine-jurassienne.fr\/wp-content\/uploads\/2023\/02\/quad-moto.jpg","datePublished":"2023-02-10T14:40:03+00:00","dateModified":"2025-11-18T12:52:22+00:00","breadcrumb":{"@id":"https:\/\/www.cc-laplaine-jurassienne.fr\/index.php\/2023\/02\/10\/sortie-ados-initiation-quad-et-moto\/#breadcrumb"},"inLanguage":"fr-FR","potentialAction":[{"@type":"ReadAction","target":["https:\/\/www.cc-laplaine-jurassienne.fr\/index.php\/2023\/02\/10\/sortie-ados-initiation-quad-et-moto\/"]}]},{"@type":"ImageObject","inLanguage":"fr-FR","@id":"https:\/\/www.cc-laplaine-jurassienne.fr\/index.php\/2023\/02\/10\/sortie-ados-initiation-quad-et-moto\/#primaryimage","url":"https:\/\/www.cc-laplaine-jurassienne.fr\/wp-content\/uploads\/2023\/02\/quad-moto.jpg","contentUrl":"https:\/\/www.cc-laplaine-jurassienne.fr\/wp-content\/uploads\/2023\/02\/quad-moto.jpg","width":1447,"height":1123},{"@type":"BreadcrumbList","@id":"https:\/\/www.cc-laplaine-jurassienne.fr\/index.php\/2023\/02\/10\/sortie-ados-initiation-quad-et-moto\/#breadcrumb","itemListElement":[{"@type":"ListItem","position":1,"name":"Accueil","item":"https:\/\/www.cc-laplaine-jurassienne.fr\/"},{"@type":"ListItem","position":2,"name":"Sortie ados : Initiation quad et moto"}]},{"@type":"WebSite","@id":"https:\/\/www.cc-laplaine-jurassienne.fr\/#website","url":"https:\/\/www.cc-laplaine-jurassienne.fr\/","name":"Communaut\u00e9 de Communes de la Plaine Jurassienne","description":"","publisher":{"@id":"https:\/\/www.cc-laplaine-jurassienne.fr\/#organization"},"potentialAction":[{"@type":"SearchAction","target":{"@type":"EntryPoint","urlTemplate":"https:\/\/www.cc-laplaine-jurassienne.fr\/?s={search_term_string}"},"query-input":{"@type":"PropertyValueSpecification","valueRequired":true,"valueName":"search_term_string"}}],"inLanguage":"fr-FR"},{"@type":"Organization","@id":"https:\/\/www.cc-laplaine-jurassienne.fr\/#organization","name":"Communaut\u00e9 de Communes de la Plaine Jurassienne","url":"https:\/\/www.cc-laplaine-jurassienne.fr\/","logo":{"@type":"ImageObject","inLanguage":"fr-FR","@id":"https:\/\/www.cc-laplaine-jurassienne.fr\/#\/schema\/logo\/image\/","url":"https:\/\/www.cc-laplaine-jurassienne.fr\/wp-content\/uploads\/2019\/11\/Nouveau-logo-PJ.png","contentUrl":"https:\/\/www.cc-laplaine-jurassienne.fr\/wp-content\/uploads\/2019\/11\/Nouveau-logo-PJ.png","width":1794,"height":788,"caption":"Communaut\u00e9 de Communes de la Plaine Jurassienne"},"image":{"@id":"https:\/\/www.cc-laplaine-jurassienne.fr\/#\/schema\/logo\/image\/"}},{"@type":"Person","@id":"https:\/\/www.cc-laplaine-jurassienne.fr\/#\/schema\/person\/c1b95599251b6dc977a22d5ca0421eda","name":"Laura","image":{"@type":"ImageObject","inLanguage":"fr-FR","@id":"https:\/\/secure.gravatar.com\/avatar\/c0d1da44c128eac357b6b1fef002dd77022ad5a538502f661ed6d8733d5e1ea8?s=96&d=mm&r=g","url":"https:\/\/secure.gravatar.com\/avatar\/c0d1da44c128eac357b6b1fef002dd77022ad5a538502f661ed6d8733d5e1ea8?s=96&d=mm&r=g","contentUrl":"https:\/\/secure.gravatar.com\/avatar\/c0d1da44c128eac357b6b1fef002dd77022ad5a538502f661ed6d8733d5e1ea8?s=96&d=mm&r=g","caption":"Laura"},"url":"https:\/\/www.cc-laplaine-jurassienne.fr\/index.php\/author\/admin3421\/"}]}},"_links":{"self":[{"href":"https:\/\/www.cc-laplaine-jurassienne.fr\/index.php\/wp-json\/wp\/v2\/posts\/3817","targetHints":{"allow":["GET"]}}],"collection":[{"href":"https:\/\/www.cc-laplaine-jurassienne.fr\/index.php\/wp-json\/wp\/v2\/posts"}],"about":[{"href":"https:\/\/www.cc-laplaine-jurassienne.fr\/index.php\/wp-json\/wp\/v2\/types\/post"}],"author":[{"embeddable":true,"href":"https:\/\/www.cc-laplaine-jurassienne.fr\/index.php\/wp-json\/wp\/v2\/users\/1"}],"replies":[{"embeddable":true,"href":"https:\/\/www.cc-laplaine-jurassienne.fr\/index.php\/wp-json\/wp\/v2\/comments?post=3817"}],"version-history":[{"count":13,"href":"https:\/\/www.cc-laplaine-jurassienne.fr\/index.php\/wp-json\/wp\/v2\/posts\/3817\/revisions"}],"predecessor-version":[{"id":3843,"href":"https:\/\/www.cc-laplaine-jurassienne.fr\/index.php\/wp-json\/wp\/v2\/posts\/3817\/revisions\/3843"}],"wp:featuredmedia":[{"embeddable":true,"href":"https:\/\/www.cc-laplaine-jurassienne.fr\/index.php\/wp-json\/wp\/v2\/media\/3794"}],"wp:attachment":[{"href":"https:\/\/www.cc-laplaine-jurassienne.fr\/index.php\/wp-json\/wp\/v2\/media?parent=3817"}],"wp:term":[{"taxonomy":"category","embeddable":true,"href":"https:\/\/www.cc-laplaine-jurassienne.fr\/index.php\/wp-json\/wp\/v2\/categories?post=3817"},{"taxonomy":"post_tag","embeddable":true,"href":"https:\/\/www.cc-laplaine-jurassienne.fr\/index.php\/wp-json\/wp\/v2\/tags?post=3817"}],"curies":[{"name":"wp","href":"https:\/\/api.w.org\/{rel}","templated":true}]}}