{"id":5489,"date":"2024-06-27T09:41:34","date_gmt":"2024-06-27T07:41:34","guid":{"rendered":"https:\/\/www.cc-laplaine-jurassienne.fr\/?p=5489"},"modified":"2025-11-18T13:34:54","modified_gmt":"2025-11-18T12:34:54","slug":"animation-observation-en-pleine-nature","status":"publish","type":"post","link":"https:\/\/www.cc-laplaine-jurassienne.fr\/index.php\/2024\/06\/27\/animation-observation-en-pleine-nature\/","title":{"rendered":"Animation \u00ab\u00a0Observation en pleine nature\u00a0\u00bb"},"content":{"rendered":"\t\t<div data-elementor-type=\"wp-post\" data-elementor-id=\"5489\" class=\"elementor elementor-5489\" data-elementor-post-type=\"post\">\n\t\t\t\t\t\t<section class=\"elementor-section elementor-top-section elementor-element elementor-element-94712be elementor-section-boxed elementor-section-height-default elementor-section-height-default\" data-id=\"94712be\" data-element_type=\"section\" data-e-type=\"section\">\n\t\t\t\t\t\t<div class=\"elementor-container elementor-column-gap-default\">\n\t\t\t\t\t<div class=\"elementor-column elementor-col-100 elementor-top-column elementor-element elementor-element-157afb9\" data-id=\"157afb9\" data-element_type=\"column\" data-e-type=\"column\">\n\t\t\t<div class=\"elementor-widget-wrap elementor-element-populated\">\n\t\t\t\t\t\t<div class=\"elementor-element elementor-element-9d082be elementor-widget elementor-widget-text-editor\" data-id=\"9d082be\" data-element_type=\"widget\" data-e-type=\"widget\" data-widget_type=\"text-editor.default\">\n\t\t\t\t<div class=\"elementor-widget-container\">\n\t\t\t\t\t\t\t\t\t<p>La Plaine Jurassienne, en partenariat avec l&rsquo;<span class=\"xv78j7m\" spellcheck=\"false\">EPTB Sa\u00f4ne et Doubs<\/span> et l&rsquo;<span class=\"xv78j7m\" spellcheck=\"false\">Association Dole Environnement<\/span> vous propose une observation en pleine nature le mardi 16 juillet 2024, avec au programme : une observation de la faune et de la flore, une pr\u00e9sentation de la zone natura 2000 de la Basse vall\u00e9e du Doubs et une intervention sur la lutte contre l\u2019ambroisie. Pour participer, inscrivez-vous au 03 84 81 70 22, par mail \u00e0 ambroisie@cc-laplaine-jurassienne.com ou en cliquant <span style=\"color: #ff9900;\"><strong><a style=\"color: #ff9900;\" href=\"https:\/\/form.123formbuilder.com\/6693126\/observation-en-pleine-nature\">ici<\/a><\/strong><span style=\"color: #000000;\">.<\/span><\/span><\/p><p>Et rendez-vous \u00e0 19h devant la mairie de Longwy-sur-le-Doubs.<\/p><p>Gratuit et ouvert \u00e0 tous !<\/p>\t\t\t\t\t\t\t\t<\/div>\n\t\t\t\t<\/div>\n\t\t\t\t\t<\/div>\n\t\t<\/div>\n\t\t\t\t\t<\/div>\n\t\t<\/section>\n\t\t\t\t<section class=\"elementor-section elementor-top-section elementor-element elementor-element-dbeb600 elementor-section-boxed elementor-section-height-default elementor-section-height-default\" data-id=\"dbeb600\" data-element_type=\"section\" data-e-type=\"section\">\n\t\t\t\t\t\t<div class=\"elementor-container elementor-column-gap-default\">\n\t\t\t\t\t<div class=\"elementor-column elementor-col-100 elementor-top-column elementor-element elementor-element-8b4ed54\" data-id=\"8b4ed54\" data-element_type=\"column\" data-e-type=\"column\">\n\t\t\t<div class=\"elementor-widget-wrap elementor-element-populated\">\n\t\t\t\t\t\t<div class=\"elementor-element elementor-element-6e48566 elementor-widget elementor-widget-image\" data-id=\"6e48566\" data-element_type=\"widget\" data-e-type=\"widget\" data-widget_type=\"image.default\">\n\t\t\t\t<div class=\"elementor-widget-container\">\n\t\t\t\t\t\t\t\t\t\t\t\t\t\t\t<img fetchpriority=\"high\" decoding=\"async\" width=\"1024\" height=\"724\" src=\"https:\/\/www.cc-laplaine-jurassienne.fr\/wp-content\/uploads\/2024\/06\/Affiche-ambroisie-2024-1-1024x724.png\" class=\"attachment-large size-large wp-image-5504\" alt=\"\" srcset=\"https:\/\/www.cc-laplaine-jurassienne.fr\/wp-content\/uploads\/2024\/06\/Affiche-ambroisie-2024-1-1024x724.png 1024w, https:\/\/www.cc-laplaine-jurassienne.fr\/wp-content\/uploads\/2024\/06\/Affiche-ambroisie-2024-1-300x212.png 300w, https:\/\/www.cc-laplaine-jurassienne.fr\/wp-content\/uploads\/2024\/06\/Affiche-ambroisie-2024-1-768x543.png 768w, https:\/\/www.cc-laplaine-jurassienne.fr\/wp-content\/uploads\/2024\/06\/Affiche-ambroisie-2024-1-1536x1086.png 1536w, https:\/\/www.cc-laplaine-jurassienne.fr\/wp-content\/uploads\/2024\/06\/Affiche-ambroisie-2024-1-2048x1448.png 2048w\" sizes=\"(max-width: 1024px) 100vw, 1024px\" \/>\t\t\t\t\t\t\t\t\t\t\t\t\t\t\t<\/div>\n\t\t\t\t<\/div>\n\t\t\t\t\t<\/div>\n\t\t<\/div>\n\t\t\t\t\t<\/div>\n\t\t<\/section>\n\t\t\t\t<\/div>\n\t\t","protected":false},"excerpt":{"rendered":"<p>La Plaine Jurassienne, en partenariat avec l&rsquo;EPTB Sa\u00f4ne et Doubs et l&rsquo;Association Dole Environnement vous propose une observation en pleine nature le mardi 16 juillet 2024, avec au programme : une observation de la faune et de la flore, une pr\u00e9sentation de la zone natura 2000 de la Basse vall\u00e9e du Doubs et une intervention [&hellip;]<\/p>\n","protected":false},"author":1,"featured_media":5490,"comment_status":"closed","ping_status":"closed","sticky":false,"template":"","format":"standard","meta":{"ocean_post_layout":"","ocean_both_sidebars_style":"","ocean_both_sidebars_content_width":0,"ocean_both_sidebars_sidebars_width":0,"ocean_sidebar":"","ocean_second_sidebar":"","ocean_disable_margins":"enable","ocean_add_body_class":"","ocean_shortcode_before_top_bar":"","ocean_shortcode_after_top_bar":"","ocean_shortcode_before_header":"","ocean_shortcode_after_header":"","ocean_has_shortcode":"","ocean_shortcode_after_title":"","ocean_shortcode_before_footer_widgets":"","ocean_shortcode_after_footer_widgets":"","ocean_shortcode_before_footer_bottom":"","ocean_shortcode_after_footer_bottom":"","ocean_display_top_bar":"default","ocean_display_header":"default","ocean_header_style":"","ocean_center_header_left_menu":"","ocean_custom_header_template":"","ocean_custom_logo":0,"ocean_custom_retina_logo":0,"ocean_custom_logo_max_width":0,"ocean_custom_logo_tablet_max_width":0,"ocean_custom_logo_mobile_max_width":0,"ocean_custom_logo_max_height":0,"ocean_custom_logo_tablet_max_height":0,"ocean_custom_logo_mobile_max_height":0,"ocean_header_custom_menu":"","ocean_menu_typo_font_family":"","ocean_menu_typo_font_subset":"","ocean_menu_typo_font_size":0,"ocean_menu_typo_font_size_tablet":0,"ocean_menu_typo_font_size_mobile":0,"ocean_menu_typo_font_size_unit":"px","ocean_menu_typo_font_weight":"","ocean_menu_typo_font_weight_tablet":"","ocean_menu_typo_font_weight_mobile":"","ocean_menu_typo_transform":"","ocean_menu_typo_transform_tablet":"","ocean_menu_typo_transform_mobile":"","ocean_menu_typo_line_height":0,"ocean_menu_typo_line_height_tablet":0,"ocean_menu_typo_line_height_mobile":0,"ocean_menu_typo_line_height_unit":"","ocean_menu_typo_spacing":0,"ocean_menu_typo_spacing_tablet":0,"ocean_menu_typo_spacing_mobile":0,"ocean_menu_typo_spacing_unit":"","ocean_menu_link_color":"","ocean_menu_link_color_hover":"","ocean_menu_link_color_active":"","ocean_menu_link_background":"","ocean_menu_link_hover_background":"","ocean_menu_link_active_background":"","ocean_menu_social_links_bg":"","ocean_menu_social_hover_links_bg":"","ocean_menu_social_links_color":"","ocean_menu_social_hover_links_color":"","ocean_disable_title":"on","ocean_disable_heading":"default","ocean_post_title":"","ocean_post_subheading":"","ocean_post_title_style":"","ocean_post_title_background_color":"","ocean_post_title_background":0,"ocean_post_title_bg_image_position":"","ocean_post_title_bg_image_attachment":"","ocean_post_title_bg_image_repeat":"","ocean_post_title_bg_image_size":"","ocean_post_title_height":0,"ocean_post_title_bg_overlay":0.5,"ocean_post_title_bg_overlay_color":"","ocean_disable_breadcrumbs":"default","ocean_breadcrumbs_color":"","ocean_breadcrumbs_separator_color":"","ocean_breadcrumbs_links_color":"","ocean_breadcrumbs_links_hover_color":"","ocean_display_footer_widgets":"default","ocean_display_footer_bottom":"default","ocean_custom_footer_template":"","ofc_meta_disable_footer_callout":"","ofc_meta_callout_button_url":"","ofc_meta_callout_button_txt":"","ofc_meta_callout_text":"","ofc_enable_fullscreen":"disable","ofc_fullscreen_speed":0,"ofc_fullscreen_nav":"enable","ofc_fullscreen_nav_pos":"right","ofc_fullscreen_nav_color":"","ofc_fullscreen_nav_tooltip_color":"","ofc_fullscreen_responsive":0,"osp_disable_panel":"default","osh_disable_topbar_sticky":"default","osh_disable_header_sticky":"default","osh_sticky_header_style":"default","osh_sticky_header_effect":"","osh_custom_sticky_logo":0,"osh_custom_retina_sticky_logo":0,"osh_custom_sticky_logo_height":0,"osh_background_color":"","osh_links_color":"","osh_links_hover_color":"","osh_links_active_color":"","osh_links_bg_color":"","osh_links_hover_bg_color":"","osh_links_active_bg_color":"","osh_menu_social_links_color":"","osh_menu_social_hover_links_color":"","ocean_post_oembed":"","ocean_post_self_hosted_media":"","ocean_post_video_embed":"","ocean_link_format":"","ocean_link_format_target":"self","ocean_quote_format":"","ocean_quote_format_link":"post","ocean_gallery_link_images":"on","ocean_gallery_id":[],"footnotes":""},"categories":[8],"tags":[],"class_list":["post-5489","post","type-post","status-publish","format-standard","has-post-thumbnail","hentry","category-evenement","entry","has-media"],"yoast_head":"<!-- This site is optimized with the Yoast SEO plugin v27.3 - https:\/\/yoast.com\/product\/yoast-seo-wordpress\/ -->\n<title>Animation &quot;Observation en pleine nature&quot; - Communaut\u00e9 de Communes de la Plaine Jurassienne<\/title>\n<meta name=\"robots\" content=\"index, follow, max-snippet:-1, max-image-preview:large, max-video-preview:-1\" \/>\n<link rel=\"canonical\" href=\"https:\/\/www.cc-laplaine-jurassienne.fr\/index.php\/2024\/06\/27\/animation-observation-en-pleine-nature\/\" \/>\n<meta property=\"og:locale\" content=\"fr_FR\" \/>\n<meta property=\"og:type\" content=\"article\" \/>\n<meta property=\"og:title\" content=\"Animation &quot;Observation en pleine nature&quot; - Communaut\u00e9 de Communes de la Plaine Jurassienne\" \/>\n<meta property=\"og:description\" content=\"La Plaine Jurassienne, en partenariat avec l&rsquo;EPTB Sa\u00f4ne et Doubs et l&rsquo;Association Dole Environnement vous propose une observation en pleine nature le mardi 16 juillet 2024, avec au programme : une observation de la faune et de la flore, une pr\u00e9sentation de la zone natura 2000 de la Basse vall\u00e9e du Doubs et une intervention [&hellip;]\" \/>\n<meta property=\"og:url\" content=\"https:\/\/www.cc-laplaine-jurassienne.fr\/index.php\/2024\/06\/27\/animation-observation-en-pleine-nature\/\" \/>\n<meta property=\"og:site_name\" content=\"Communaut\u00e9 de Communes de la Plaine Jurassienne\" \/>\n<meta property=\"article:published_time\" content=\"2024-06-27T07:41:34+00:00\" \/>\n<meta property=\"article:modified_time\" content=\"2025-11-18T12:34:54+00:00\" \/>\n<meta property=\"og:image\" content=\"https:\/\/www.cc-laplaine-jurassienne.fr\/wp-content\/uploads\/2024\/06\/castor-eau-credit-Hugo-Barre-Chaubet-scaled.jpg\" \/>\n\t<meta property=\"og:image:width\" content=\"2560\" \/>\n\t<meta property=\"og:image:height\" content=\"1440\" \/>\n\t<meta property=\"og:image:type\" content=\"image\/jpeg\" \/>\n<meta name=\"author\" content=\"Laura\" \/>\n<meta name=\"twitter:card\" content=\"summary_large_image\" \/>\n<meta name=\"twitter:label1\" content=\"\u00c9crit par\" \/>\n\t<meta name=\"twitter:data1\" content=\"Laura\" \/>\n\t<meta name=\"twitter:label2\" content=\"Dur\u00e9e de lecture estim\u00e9e\" \/>\n\t<meta name=\"twitter:data2\" content=\"1 minute\" \/>\n<script type=\"application\/ld+json\" class=\"yoast-schema-graph\">{\"@context\":\"https:\\\/\\\/schema.org\",\"@graph\":[{\"@type\":\"Article\",\"@id\":\"https:\\\/\\\/www.cc-laplaine-jurassienne.fr\\\/index.php\\\/2024\\\/06\\\/27\\\/animation-observation-en-pleine-nature\\\/#article\",\"isPartOf\":{\"@id\":\"https:\\\/\\\/www.cc-laplaine-jurassienne.fr\\\/index.php\\\/2024\\\/06\\\/27\\\/animation-observation-en-pleine-nature\\\/\"},\"author\":{\"name\":\"Laura\",\"@id\":\"https:\\\/\\\/www.cc-laplaine-jurassienne.fr\\\/#\\\/schema\\\/person\\\/c1b95599251b6dc977a22d5ca0421eda\"},\"headline\":\"Animation \u00ab\u00a0Observation en pleine nature\u00a0\u00bb\",\"datePublished\":\"2024-06-27T07:41:34+00:00\",\"dateModified\":\"2025-11-18T12:34:54+00:00\",\"mainEntityOfPage\":{\"@id\":\"https:\\\/\\\/www.cc-laplaine-jurassienne.fr\\\/index.php\\\/2024\\\/06\\\/27\\\/animation-observation-en-pleine-nature\\\/\"},\"wordCount\":92,\"publisher\":{\"@id\":\"https:\\\/\\\/www.cc-laplaine-jurassienne.fr\\\/#organization\"},\"image\":{\"@id\":\"https:\\\/\\\/www.cc-laplaine-jurassienne.fr\\\/index.php\\\/2024\\\/06\\\/27\\\/animation-observation-en-pleine-nature\\\/#primaryimage\"},\"thumbnailUrl\":\"https:\\\/\\\/www.cc-laplaine-jurassienne.fr\\\/wp-content\\\/uploads\\\/2024\\\/06\\\/castor-eau-credit-Hugo-Barre-Chaubet-scaled.jpg\",\"articleSection\":[\"\u00c9v\u00e9nement\"],\"inLanguage\":\"fr-FR\"},{\"@type\":\"WebPage\",\"@id\":\"https:\\\/\\\/www.cc-laplaine-jurassienne.fr\\\/index.php\\\/2024\\\/06\\\/27\\\/animation-observation-en-pleine-nature\\\/\",\"url\":\"https:\\\/\\\/www.cc-laplaine-jurassienne.fr\\\/index.php\\\/2024\\\/06\\\/27\\\/animation-observation-en-pleine-nature\\\/\",\"name\":\"Animation \\\"Observation en pleine nature\\\" - Communaut\u00e9 de Communes de la Plaine Jurassienne\",\"isPartOf\":{\"@id\":\"https:\\\/\\\/www.cc-laplaine-jurassienne.fr\\\/#website\"},\"primaryImageOfPage\":{\"@id\":\"https:\\\/\\\/www.cc-laplaine-jurassienne.fr\\\/index.php\\\/2024\\\/06\\\/27\\\/animation-observation-en-pleine-nature\\\/#primaryimage\"},\"image\":{\"@id\":\"https:\\\/\\\/www.cc-laplaine-jurassienne.fr\\\/index.php\\\/2024\\\/06\\\/27\\\/animation-observation-en-pleine-nature\\\/#primaryimage\"},\"thumbnailUrl\":\"https:\\\/\\\/www.cc-laplaine-jurassienne.fr\\\/wp-content\\\/uploads\\\/2024\\\/06\\\/castor-eau-credit-Hugo-Barre-Chaubet-scaled.jpg\",\"datePublished\":\"2024-06-27T07:41:34+00:00\",\"dateModified\":\"2025-11-18T12:34:54+00:00\",\"breadcrumb\":{\"@id\":\"https:\\\/\\\/www.cc-laplaine-jurassienne.fr\\\/index.php\\\/2024\\\/06\\\/27\\\/animation-observation-en-pleine-nature\\\/#breadcrumb\"},\"inLanguage\":\"fr-FR\",\"potentialAction\":[{\"@type\":\"ReadAction\",\"target\":[\"https:\\\/\\\/www.cc-laplaine-jurassienne.fr\\\/index.php\\\/2024\\\/06\\\/27\\\/animation-observation-en-pleine-nature\\\/\"]}]},{\"@type\":\"ImageObject\",\"inLanguage\":\"fr-FR\",\"@id\":\"https:\\\/\\\/www.cc-laplaine-jurassienne.fr\\\/index.php\\\/2024\\\/06\\\/27\\\/animation-observation-en-pleine-nature\\\/#primaryimage\",\"url\":\"https:\\\/\\\/www.cc-laplaine-jurassienne.fr\\\/wp-content\\\/uploads\\\/2024\\\/06\\\/castor-eau-credit-Hugo-Barre-Chaubet-scaled.jpg\",\"contentUrl\":\"https:\\\/\\\/www.cc-laplaine-jurassienne.fr\\\/wp-content\\\/uploads\\\/2024\\\/06\\\/castor-eau-credit-Hugo-Barre-Chaubet-scaled.jpg\",\"width\":2560,\"height\":1440},{\"@type\":\"BreadcrumbList\",\"@id\":\"https:\\\/\\\/www.cc-laplaine-jurassienne.fr\\\/index.php\\\/2024\\\/06\\\/27\\\/animation-observation-en-pleine-nature\\\/#breadcrumb\",\"itemListElement\":[{\"@type\":\"ListItem\",\"position\":1,\"name\":\"Accueil\",\"item\":\"https:\\\/\\\/www.cc-laplaine-jurassienne.fr\\\/\"},{\"@type\":\"ListItem\",\"position\":2,\"name\":\"Animation \u00ab\u00a0Observation en pleine nature\u00a0\u00bb\"}]},{\"@type\":\"WebSite\",\"@id\":\"https:\\\/\\\/www.cc-laplaine-jurassienne.fr\\\/#website\",\"url\":\"https:\\\/\\\/www.cc-laplaine-jurassienne.fr\\\/\",\"name\":\"Communaut\u00e9 de Communes de la Plaine Jurassienne\",\"description\":\"\",\"publisher\":{\"@id\":\"https:\\\/\\\/www.cc-laplaine-jurassienne.fr\\\/#organization\"},\"potentialAction\":[{\"@type\":\"SearchAction\",\"target\":{\"@type\":\"EntryPoint\",\"urlTemplate\":\"https:\\\/\\\/www.cc-laplaine-jurassienne.fr\\\/?s={search_term_string}\"},\"query-input\":{\"@type\":\"PropertyValueSpecification\",\"valueRequired\":true,\"valueName\":\"search_term_string\"}}],\"inLanguage\":\"fr-FR\"},{\"@type\":\"Organization\",\"@id\":\"https:\\\/\\\/www.cc-laplaine-jurassienne.fr\\\/#organization\",\"name\":\"Communaut\u00e9 de Communes de la Plaine Jurassienne\",\"url\":\"https:\\\/\\\/www.cc-laplaine-jurassienne.fr\\\/\",\"logo\":{\"@type\":\"ImageObject\",\"inLanguage\":\"fr-FR\",\"@id\":\"https:\\\/\\\/www.cc-laplaine-jurassienne.fr\\\/#\\\/schema\\\/logo\\\/image\\\/\",\"url\":\"https:\\\/\\\/www.cc-laplaine-jurassienne.fr\\\/wp-content\\\/uploads\\\/2019\\\/11\\\/Nouveau-logo-PJ.png\",\"contentUrl\":\"https:\\\/\\\/www.cc-laplaine-jurassienne.fr\\\/wp-content\\\/uploads\\\/2019\\\/11\\\/Nouveau-logo-PJ.png\",\"width\":1794,\"height\":788,\"caption\":\"Communaut\u00e9 de Communes de la Plaine Jurassienne\"},\"image\":{\"@id\":\"https:\\\/\\\/www.cc-laplaine-jurassienne.fr\\\/#\\\/schema\\\/logo\\\/image\\\/\"}},{\"@type\":\"Person\",\"@id\":\"https:\\\/\\\/www.cc-laplaine-jurassienne.fr\\\/#\\\/schema\\\/person\\\/c1b95599251b6dc977a22d5ca0421eda\",\"name\":\"Laura\",\"image\":{\"@type\":\"ImageObject\",\"inLanguage\":\"fr-FR\",\"@id\":\"https:\\\/\\\/secure.gravatar.com\\\/avatar\\\/c0d1da44c128eac357b6b1fef002dd77022ad5a538502f661ed6d8733d5e1ea8?s=96&d=mm&r=g\",\"url\":\"https:\\\/\\\/secure.gravatar.com\\\/avatar\\\/c0d1da44c128eac357b6b1fef002dd77022ad5a538502f661ed6d8733d5e1ea8?s=96&d=mm&r=g\",\"contentUrl\":\"https:\\\/\\\/secure.gravatar.com\\\/avatar\\\/c0d1da44c128eac357b6b1fef002dd77022ad5a538502f661ed6d8733d5e1ea8?s=96&d=mm&r=g\",\"caption\":\"Laura\"},\"url\":\"https:\\\/\\\/www.cc-laplaine-jurassienne.fr\\\/index.php\\\/author\\\/admin3421\\\/\"}]}<\/script>\n<!-- \/ Yoast SEO plugin. -->","yoast_head_json":{"title":"Animation \"Observation en pleine nature\" - Communaut\u00e9 de Communes de la Plaine Jurassienne","robots":{"index":"index","follow":"follow","max-snippet":"max-snippet:-1","max-image-preview":"max-image-preview:large","max-video-preview":"max-video-preview:-1"},"canonical":"https:\/\/www.cc-laplaine-jurassienne.fr\/index.php\/2024\/06\/27\/animation-observation-en-pleine-nature\/","og_locale":"fr_FR","og_type":"article","og_title":"Animation \"Observation en pleine nature\" - Communaut\u00e9 de Communes de la Plaine Jurassienne","og_description":"La Plaine Jurassienne, en partenariat avec l&rsquo;EPTB Sa\u00f4ne et Doubs et l&rsquo;Association Dole Environnement vous propose une observation en pleine nature le mardi 16 juillet 2024, avec au programme : une observation de la faune et de la flore, une pr\u00e9sentation de la zone natura 2000 de la Basse vall\u00e9e du Doubs et une intervention [&hellip;]","og_url":"https:\/\/www.cc-laplaine-jurassienne.fr\/index.php\/2024\/06\/27\/animation-observation-en-pleine-nature\/","og_site_name":"Communaut\u00e9 de Communes de la Plaine Jurassienne","article_published_time":"2024-06-27T07:41:34+00:00","article_modified_time":"2025-11-18T12:34:54+00:00","og_image":[{"width":2560,"height":1440,"url":"https:\/\/www.cc-laplaine-jurassienne.fr\/wp-content\/uploads\/2024\/06\/castor-eau-credit-Hugo-Barre-Chaubet-scaled.jpg","type":"image\/jpeg"}],"author":"Laura","twitter_card":"summary_large_image","twitter_misc":{"\u00c9crit par":"Laura","Dur\u00e9e de lecture estim\u00e9e":"1 minute"},"schema":{"@context":"https:\/\/schema.org","@graph":[{"@type":"Article","@id":"https:\/\/www.cc-laplaine-jurassienne.fr\/index.php\/2024\/06\/27\/animation-observation-en-pleine-nature\/#article","isPartOf":{"@id":"https:\/\/www.cc-laplaine-jurassienne.fr\/index.php\/2024\/06\/27\/animation-observation-en-pleine-nature\/"},"author":{"name":"Laura","@id":"https:\/\/www.cc-laplaine-jurassienne.fr\/#\/schema\/person\/c1b95599251b6dc977a22d5ca0421eda"},"headline":"Animation \u00ab\u00a0Observation en pleine nature\u00a0\u00bb","datePublished":"2024-06-27T07:41:34+00:00","dateModified":"2025-11-18T12:34:54+00:00","mainEntityOfPage":{"@id":"https:\/\/www.cc-laplaine-jurassienne.fr\/index.php\/2024\/06\/27\/animation-observation-en-pleine-nature\/"},"wordCount":92,"publisher":{"@id":"https:\/\/www.cc-laplaine-jurassienne.fr\/#organization"},"image":{"@id":"https:\/\/www.cc-laplaine-jurassienne.fr\/index.php\/2024\/06\/27\/animation-observation-en-pleine-nature\/#primaryimage"},"thumbnailUrl":"https:\/\/www.cc-laplaine-jurassienne.fr\/wp-content\/uploads\/2024\/06\/castor-eau-credit-Hugo-Barre-Chaubet-scaled.jpg","articleSection":["\u00c9v\u00e9nement"],"inLanguage":"fr-FR"},{"@type":"WebPage","@id":"https:\/\/www.cc-laplaine-jurassienne.fr\/index.php\/2024\/06\/27\/animation-observation-en-pleine-nature\/","url":"https:\/\/www.cc-laplaine-jurassienne.fr\/index.php\/2024\/06\/27\/animation-observation-en-pleine-nature\/","name":"Animation \"Observation en pleine nature\" - Communaut\u00e9 de Communes de la Plaine Jurassienne","isPartOf":{"@id":"https:\/\/www.cc-laplaine-jurassienne.fr\/#website"},"primaryImageOfPage":{"@id":"https:\/\/www.cc-laplaine-jurassienne.fr\/index.php\/2024\/06\/27\/animation-observation-en-pleine-nature\/#primaryimage"},"image":{"@id":"https:\/\/www.cc-laplaine-jurassienne.fr\/index.php\/2024\/06\/27\/animation-observation-en-pleine-nature\/#primaryimage"},"thumbnailUrl":"https:\/\/www.cc-laplaine-jurassienne.fr\/wp-content\/uploads\/2024\/06\/castor-eau-credit-Hugo-Barre-Chaubet-scaled.jpg","datePublished":"2024-06-27T07:41:34+00:00","dateModified":"2025-11-18T12:34:54+00:00","breadcrumb":{"@id":"https:\/\/www.cc-laplaine-jurassienne.fr\/index.php\/2024\/06\/27\/animation-observation-en-pleine-nature\/#breadcrumb"},"inLanguage":"fr-FR","potentialAction":[{"@type":"ReadAction","target":["https:\/\/www.cc-laplaine-jurassienne.fr\/index.php\/2024\/06\/27\/animation-observation-en-pleine-nature\/"]}]},{"@type":"ImageObject","inLanguage":"fr-FR","@id":"https:\/\/www.cc-laplaine-jurassienne.fr\/index.php\/2024\/06\/27\/animation-observation-en-pleine-nature\/#primaryimage","url":"https:\/\/www.cc-laplaine-jurassienne.fr\/wp-content\/uploads\/2024\/06\/castor-eau-credit-Hugo-Barre-Chaubet-scaled.jpg","contentUrl":"https:\/\/www.cc-laplaine-jurassienne.fr\/wp-content\/uploads\/2024\/06\/castor-eau-credit-Hugo-Barre-Chaubet-scaled.jpg","width":2560,"height":1440},{"@type":"BreadcrumbList","@id":"https:\/\/www.cc-laplaine-jurassienne.fr\/index.php\/2024\/06\/27\/animation-observation-en-pleine-nature\/#breadcrumb","itemListElement":[{"@type":"ListItem","position":1,"name":"Accueil","item":"https:\/\/www.cc-laplaine-jurassienne.fr\/"},{"@type":"ListItem","position":2,"name":"Animation \u00ab\u00a0Observation en pleine nature\u00a0\u00bb"}]},{"@type":"WebSite","@id":"https:\/\/www.cc-laplaine-jurassienne.fr\/#website","url":"https:\/\/www.cc-laplaine-jurassienne.fr\/","name":"Communaut\u00e9 de Communes de la Plaine Jurassienne","description":"","publisher":{"@id":"https:\/\/www.cc-laplaine-jurassienne.fr\/#organization"},"potentialAction":[{"@type":"SearchAction","target":{"@type":"EntryPoint","urlTemplate":"https:\/\/www.cc-laplaine-jurassienne.fr\/?s={search_term_string}"},"query-input":{"@type":"PropertyValueSpecification","valueRequired":true,"valueName":"search_term_string"}}],"inLanguage":"fr-FR"},{"@type":"Organization","@id":"https:\/\/www.cc-laplaine-jurassienne.fr\/#organization","name":"Communaut\u00e9 de Communes de la Plaine Jurassienne","url":"https:\/\/www.cc-laplaine-jurassienne.fr\/","logo":{"@type":"ImageObject","inLanguage":"fr-FR","@id":"https:\/\/www.cc-laplaine-jurassienne.fr\/#\/schema\/logo\/image\/","url":"https:\/\/www.cc-laplaine-jurassienne.fr\/wp-content\/uploads\/2019\/11\/Nouveau-logo-PJ.png","contentUrl":"https:\/\/www.cc-laplaine-jurassienne.fr\/wp-content\/uploads\/2019\/11\/Nouveau-logo-PJ.png","width":1794,"height":788,"caption":"Communaut\u00e9 de Communes de la Plaine Jurassienne"},"image":{"@id":"https:\/\/www.cc-laplaine-jurassienne.fr\/#\/schema\/logo\/image\/"}},{"@type":"Person","@id":"https:\/\/www.cc-laplaine-jurassienne.fr\/#\/schema\/person\/c1b95599251b6dc977a22d5ca0421eda","name":"Laura","image":{"@type":"ImageObject","inLanguage":"fr-FR","@id":"https:\/\/secure.gravatar.com\/avatar\/c0d1da44c128eac357b6b1fef002dd77022ad5a538502f661ed6d8733d5e1ea8?s=96&d=mm&r=g","url":"https:\/\/secure.gravatar.com\/avatar\/c0d1da44c128eac357b6b1fef002dd77022ad5a538502f661ed6d8733d5e1ea8?s=96&d=mm&r=g","contentUrl":"https:\/\/secure.gravatar.com\/avatar\/c0d1da44c128eac357b6b1fef002dd77022ad5a538502f661ed6d8733d5e1ea8?s=96&d=mm&r=g","caption":"Laura"},"url":"https:\/\/www.cc-laplaine-jurassienne.fr\/index.php\/author\/admin3421\/"}]}},"_links":{"self":[{"href":"https:\/\/www.cc-laplaine-jurassienne.fr\/index.php\/wp-json\/wp\/v2\/posts\/5489","targetHints":{"allow":["GET"]}}],"collection":[{"href":"https:\/\/www.cc-laplaine-jurassienne.fr\/index.php\/wp-json\/wp\/v2\/posts"}],"about":[{"href":"https:\/\/www.cc-laplaine-jurassienne.fr\/index.php\/wp-json\/wp\/v2\/types\/post"}],"author":[{"embeddable":true,"href":"https:\/\/www.cc-laplaine-jurassienne.fr\/index.php\/wp-json\/wp\/v2\/users\/1"}],"replies":[{"embeddable":true,"href":"https:\/\/www.cc-laplaine-jurassienne.fr\/index.php\/wp-json\/wp\/v2\/comments?post=5489"}],"version-history":[{"count":11,"href":"https:\/\/www.cc-laplaine-jurassienne.fr\/index.php\/wp-json\/wp\/v2\/posts\/5489\/revisions"}],"predecessor-version":[{"id":5509,"href":"https:\/\/www.cc-laplaine-jurassienne.fr\/index.php\/wp-json\/wp\/v2\/posts\/5489\/revisions\/5509"}],"wp:featuredmedia":[{"embeddable":true,"href":"https:\/\/www.cc-laplaine-jurassienne.fr\/index.php\/wp-json\/wp\/v2\/media\/5490"}],"wp:attachment":[{"href":"https:\/\/www.cc-laplaine-jurassienne.fr\/index.php\/wp-json\/wp\/v2\/media?parent=5489"}],"wp:term":[{"taxonomy":"category","embeddable":true,"href":"https:\/\/www.cc-laplaine-jurassienne.fr\/index.php\/wp-json\/wp\/v2\/categories?post=5489"},{"taxonomy":"post_tag","embeddable":true,"href":"https:\/\/www.cc-laplaine-jurassienne.fr\/index.php\/wp-json\/wp\/v2\/tags?post=5489"}],"curies":[{"name":"wp","href":"https:\/\/api.w.org\/{rel}","templated":true}]}}