{"id":6161,"date":"2025-03-14T16:14:32","date_gmt":"2025-03-14T15:14:32","guid":{"rendered":"https:\/\/www.cc-laplaine-jurassienne.fr\/?p=6161"},"modified":"2025-03-14T16:16:13","modified_gmt":"2025-03-14T15:16:13","slug":"journee-mondiale-des-zones-humides-un-mois-danimations-avec-la-plaine-jurassienne","status":"publish","type":"post","link":"https:\/\/www.cc-laplaine-jurassienne.fr\/index.php\/2025\/03\/14\/journee-mondiale-des-zones-humides-un-mois-danimations-avec-la-plaine-jurassienne\/","title":{"rendered":"Journ\u00e9e Mondiale des Zones Humides : Un mois d\u2019animations avec la Plaine Jurassienne"},"content":{"rendered":"\t\t<div data-elementor-type=\"wp-post\" data-elementor-id=\"6161\" class=\"elementor elementor-6161\" data-elementor-post-type=\"post\">\n\t\t\t\t\t\t<section class=\"elementor-section elementor-top-section elementor-element elementor-element-5e6393c elementor-section-boxed elementor-section-height-default elementor-section-height-default\" data-id=\"5e6393c\" data-element_type=\"section\" data-e-type=\"section\">\n\t\t\t\t\t\t<div class=\"elementor-container elementor-column-gap-default\">\n\t\t\t\t\t<div class=\"elementor-column elementor-col-100 elementor-top-column elementor-element elementor-element-874efb2\" data-id=\"874efb2\" data-element_type=\"column\" data-e-type=\"column\">\n\t\t\t<div class=\"elementor-widget-wrap elementor-element-populated\">\n\t\t\t\t\t\t<div class=\"elementor-element elementor-element-dd9861f elementor-widget elementor-widget-text-editor\" data-id=\"dd9861f\" data-element_type=\"widget\" data-e-type=\"widget\" data-widget_type=\"text-editor.default\">\n\t\t\t\t<div class=\"elementor-widget-container\">\n\t\t\t\t\t\t\t\t\t<p style=\"font-weight: 400;\">\u00c0 l\u2019occasion de la\u00a0Journ\u00e9e Mondiale des Zones Humides, le service environnement de la Plaine Jurassienne\u00a0a organis\u00e9 une s\u00e9rie d\u2019animations tout au long du mois de f\u00e9vrier. En partenariat avec divers acteurs locaux, ces \u00e9v\u00e9nements ont permis de mettre en lumi\u00e8re la richesse des\u00a0zones humides\u00a0et la biodiversit\u00e9 qu\u2019elles abritent\u00a0:<\/p><ul><li><strong>Observation des oiseaux d&rsquo;eau sur l&rsquo;ENS du M\u00e9raton \u00e0 Petit-Noir\u00a0<\/strong>: En partenariat avec l\u2019association Dole Environnement, les participants ont eu l\u2019opportunit\u00e9 d\u2019observer les oiseaux migrateurs et de mieux comprendre le r\u00f4le des zones humides comme habitats essentiels pour ces esp\u00e8ces.<\/li><\/ul><ul><li><strong>Exploration des traces du castor d&rsquo;Europe \u00e0 Molay\u00a0:<\/strong> En collaboration avec\u00a0Jura Nature Environnement\u00a0et l\u2019EPTB Sa\u00f4ne et Doubs, gestionnaire de Natura 2000\u00a0Basse vall\u00e9e du Doubs, les participants ont pu observer les signes de cette esp\u00e8ce embl\u00e9matique et de comprendre son r\u00f4le crucial dans la gestion des \u00e9cosyst\u00e8mes aquatiques.<br \/><br \/><\/li><li><strong>Chantier de bouturage de saule t\u00eatard\u00a0:<\/strong> Dans le cadre d\u2019un partenariat avec l\u2019\u00e9cole de\u00a0Longwy-sur-le-Doubs\u00a0et l\u2019Association Dole Environnement, cette animation a permis de sensibiliser les participants \u00e0 la biodiversit\u00e9 abrit\u00e9 par cet arbre typique des zones humides.<br \/><br \/><\/li><li><strong>Immersion dans l&rsquo;Espace Naturel Sensible du M\u00e9raton\u00a0:<\/strong> Les participants ont eu l&rsquo;occasion de d\u00e9couvrir l\u2019histoire du m\u00e9andre et la diversit\u00e9 biologique de ce site prot\u00e9g\u00e9, \u00e0 travers une pr\u00e9sentation anim\u00e9e par\u00a0l\u2019association Dole Environnement\u00a0et le\u00a0Syndicat Mixte Doubs Loue.<\/li><\/ul><p style=\"font-weight: 400;\">Un mois riche en d\u00e9couvertes et en sensibilisation \u00e0 la pr\u00e9servation de nos zones humides et de leur biodiversit\u00e9 !<\/p>\t\t\t\t\t\t\t\t<\/div>\n\t\t\t\t<\/div>\n\t\t\t\t\t<\/div>\n\t\t<\/div>\n\t\t\t\t\t<\/div>\n\t\t<\/section>\n\t\t\t\t<section class=\"elementor-section elementor-top-section elementor-element elementor-element-36692a2 elementor-section-boxed elementor-section-height-default elementor-section-height-default\" data-id=\"36692a2\" data-element_type=\"section\" data-e-type=\"section\">\n\t\t\t\t\t\t<div class=\"elementor-container elementor-column-gap-default\">\n\t\t\t\t\t<div class=\"elementor-column elementor-col-100 elementor-top-column elementor-element elementor-element-936cce8\" data-id=\"936cce8\" data-element_type=\"column\" data-e-type=\"column\">\n\t\t\t<div class=\"elementor-widget-wrap elementor-element-populated\">\n\t\t\t\t\t\t<div class=\"elementor-element elementor-element-471f635 elementor-widget elementor-widget-gallery\" data-id=\"471f635\" data-element_type=\"widget\" data-e-type=\"widget\" data-settings=\"{&quot;lazyload&quot;:&quot;yes&quot;,&quot;gallery_layout&quot;:&quot;grid&quot;,&quot;columns&quot;:4,&quot;columns_tablet&quot;:2,&quot;columns_mobile&quot;:1,&quot;gap&quot;:{&quot;unit&quot;:&quot;px&quot;,&quot;size&quot;:10,&quot;sizes&quot;:[]},&quot;gap_laptop&quot;:{&quot;unit&quot;:&quot;px&quot;,&quot;size&quot;:10,&quot;sizes&quot;:[]},&quot;gap_tablet&quot;:{&quot;unit&quot;:&quot;px&quot;,&quot;size&quot;:10,&quot;sizes&quot;:[]},&quot;gap_mobile&quot;:{&quot;unit&quot;:&quot;px&quot;,&quot;size&quot;:10,&quot;sizes&quot;:[]},&quot;link_to&quot;:&quot;file&quot;,&quot;aspect_ratio&quot;:&quot;3:2&quot;,&quot;overlay_background&quot;:&quot;yes&quot;,&quot;content_hover_animation&quot;:&quot;fade-in&quot;}\" data-widget_type=\"gallery.default\">\n\t\t\t\t<div class=\"elementor-widget-container\">\n\t\t\t\t\t\t\t<div class=\"elementor-gallery__container\">\n\t\t\t\t\t\t\t<a class=\"e-gallery-item elementor-gallery-item elementor-animated-content\" href=\"https:\/\/www.cc-laplaine-jurassienne.fr\/wp-content\/uploads\/2025\/03\/castor-molay.jpg\" data-elementor-open-lightbox=\"yes\" data-elementor-lightbox-slideshow=\"471f635\" data-elementor-lightbox-title=\"castor-molay\" data-e-action-hash=\"#elementor-action%3Aaction%3Dlightbox%26settings%3DeyJpZCI6NjE2MiwidXJsIjoiaHR0cHM6XC9cL3d3dy5jYy1sYXBsYWluZS1qdXJhc3NpZW5uZS5mclwvd3AtY29udGVudFwvdXBsb2Fkc1wvMjAyNVwvMDNcL2Nhc3Rvci1tb2xheS5qcGciLCJzbGlkZXNob3ciOiI0NzFmNjM1In0%3D\">\n\t\t\t\t\t<div class=\"e-gallery-image elementor-gallery-item__image\" data-thumbnail=\"https:\/\/www.cc-laplaine-jurassienne.fr\/wp-content\/uploads\/2025\/03\/castor-molay-300x225.jpg\" data-width=\"300\" data-height=\"225\" aria-label=\"\" role=\"img\" ><\/div>\n\t\t\t\t\t\t\t\t\t\t\t<div class=\"elementor-gallery-item__overlay\"><\/div>\n\t\t\t\t\t\t\t\t\t\t\t\t\t\t<\/a>\n\t\t\t\t\t\t\t<a class=\"e-gallery-item elementor-gallery-item elementor-animated-content\" href=\"https:\/\/www.cc-laplaine-jurassienne.fr\/wp-content\/uploads\/2025\/03\/chantier-Longwy-scaled.jpg\" data-elementor-open-lightbox=\"yes\" data-elementor-lightbox-slideshow=\"471f635\" data-elementor-lightbox-title=\"chantier- Longwy\" data-e-action-hash=\"#elementor-action%3Aaction%3Dlightbox%26settings%3DeyJpZCI6NjE2MywidXJsIjoiaHR0cHM6XC9cL3d3dy5jYy1sYXBsYWluZS1qdXJhc3NpZW5uZS5mclwvd3AtY29udGVudFwvdXBsb2Fkc1wvMjAyNVwvMDNcL2NoYW50aWVyLUxvbmd3eS1zY2FsZWQuanBnIiwic2xpZGVzaG93IjoiNDcxZjYzNSJ9\">\n\t\t\t\t\t<div class=\"e-gallery-image elementor-gallery-item__image\" data-thumbnail=\"https:\/\/www.cc-laplaine-jurassienne.fr\/wp-content\/uploads\/2025\/03\/chantier-Longwy-225x300.jpg\" data-width=\"225\" data-height=\"300\" aria-label=\"\" role=\"img\" ><\/div>\n\t\t\t\t\t\t\t\t\t\t\t<div class=\"elementor-gallery-item__overlay\"><\/div>\n\t\t\t\t\t\t\t\t\t\t\t\t\t\t<\/a>\n\t\t\t\t\t\t\t<a class=\"e-gallery-item elementor-gallery-item elementor-animated-content\" href=\"https:\/\/www.cc-laplaine-jurassienne.fr\/wp-content\/uploads\/2025\/03\/chantier-longwy-ccpj-scaled.jpg\" data-elementor-open-lightbox=\"yes\" data-elementor-lightbox-slideshow=\"471f635\" data-elementor-lightbox-title=\"chantier-longwy-ccpj\" data-e-action-hash=\"#elementor-action%3Aaction%3Dlightbox%26settings%3DeyJpZCI6NjE2NCwidXJsIjoiaHR0cHM6XC9cL3d3dy5jYy1sYXBsYWluZS1qdXJhc3NpZW5uZS5mclwvd3AtY29udGVudFwvdXBsb2Fkc1wvMjAyNVwvMDNcL2NoYW50aWVyLWxvbmd3eS1jY3BqLXNjYWxlZC5qcGciLCJzbGlkZXNob3ciOiI0NzFmNjM1In0%3D\">\n\t\t\t\t\t<div class=\"e-gallery-image elementor-gallery-item__image\" data-thumbnail=\"https:\/\/www.cc-laplaine-jurassienne.fr\/wp-content\/uploads\/2025\/03\/chantier-longwy-ccpj-225x300.jpg\" data-width=\"225\" data-height=\"300\" aria-label=\"\" role=\"img\" ><\/div>\n\t\t\t\t\t\t\t\t\t\t\t<div class=\"elementor-gallery-item__overlay\"><\/div>\n\t\t\t\t\t\t\t\t\t\t\t\t\t\t<\/a>\n\t\t\t\t\t\t\t<a class=\"e-gallery-item elementor-gallery-item elementor-animated-content\" href=\"https:\/\/www.cc-laplaine-jurassienne.fr\/wp-content\/uploads\/2025\/03\/ens-smdl-scaled.jpg\" data-elementor-open-lightbox=\"yes\" data-elementor-lightbox-slideshow=\"471f635\" data-elementor-lightbox-title=\"ens-smdl\" data-e-action-hash=\"#elementor-action%3Aaction%3Dlightbox%26settings%3DeyJpZCI6NjE2NSwidXJsIjoiaHR0cHM6XC9cL3d3dy5jYy1sYXBsYWluZS1qdXJhc3NpZW5uZS5mclwvd3AtY29udGVudFwvdXBsb2Fkc1wvMjAyNVwvMDNcL2Vucy1zbWRsLXNjYWxlZC5qcGciLCJzbGlkZXNob3ciOiI0NzFmNjM1In0%3D\">\n\t\t\t\t\t<div class=\"e-gallery-image elementor-gallery-item__image\" data-thumbnail=\"https:\/\/www.cc-laplaine-jurassienne.fr\/wp-content\/uploads\/2025\/03\/ens-smdl-300x225.jpg\" data-width=\"300\" data-height=\"225\" aria-label=\"\" role=\"img\" ><\/div>\n\t\t\t\t\t\t\t\t\t\t\t<div class=\"elementor-gallery-item__overlay\"><\/div>\n\t\t\t\t\t\t\t\t\t\t\t\t\t\t<\/a>\n\t\t\t\t\t\t\t<a class=\"e-gallery-item elementor-gallery-item elementor-animated-content\" href=\"https:\/\/www.cc-laplaine-jurassienne.fr\/wp-content\/uploads\/2025\/03\/ens-smdl-ccpj-scaled.jpg\" data-elementor-open-lightbox=\"yes\" data-elementor-lightbox-slideshow=\"471f635\" data-elementor-lightbox-title=\"ens-smdl-ccpj\" data-e-action-hash=\"#elementor-action%3Aaction%3Dlightbox%26settings%3DeyJpZCI6NjE2NiwidXJsIjoiaHR0cHM6XC9cL3d3dy5jYy1sYXBsYWluZS1qdXJhc3NpZW5uZS5mclwvd3AtY29udGVudFwvdXBsb2Fkc1wvMjAyNVwvMDNcL2Vucy1zbWRsLWNjcGotc2NhbGVkLmpwZyIsInNsaWRlc2hvdyI6IjQ3MWY2MzUifQ%3D%3D\">\n\t\t\t\t\t<div class=\"e-gallery-image elementor-gallery-item__image\" data-thumbnail=\"https:\/\/www.cc-laplaine-jurassienne.fr\/wp-content\/uploads\/2025\/03\/ens-smdl-ccpj-300x225.jpg\" data-width=\"300\" data-height=\"225\" aria-label=\"\" role=\"img\" ><\/div>\n\t\t\t\t\t\t\t\t\t\t\t<div class=\"elementor-gallery-item__overlay\"><\/div>\n\t\t\t\t\t\t\t\t\t\t\t\t\t\t<\/a>\n\t\t\t\t\t\t\t<a class=\"e-gallery-item elementor-gallery-item elementor-animated-content\" href=\"https:\/\/www.cc-laplaine-jurassienne.fr\/wp-content\/uploads\/2025\/03\/ccpj-ens-smdl-scaled.jpg\" data-elementor-open-lightbox=\"yes\" data-elementor-lightbox-slideshow=\"471f635\" data-elementor-lightbox-title=\"ccpj-ens-smdl\" data-e-action-hash=\"#elementor-action%3Aaction%3Dlightbox%26settings%3DeyJpZCI6NjE2NywidXJsIjoiaHR0cHM6XC9cL3d3dy5jYy1sYXBsYWluZS1qdXJhc3NpZW5uZS5mclwvd3AtY29udGVudFwvdXBsb2Fkc1wvMjAyNVwvMDNcL2NjcGotZW5zLXNtZGwtc2NhbGVkLmpwZyIsInNsaWRlc2hvdyI6IjQ3MWY2MzUifQ%3D%3D\">\n\t\t\t\t\t<div class=\"e-gallery-image elementor-gallery-item__image\" data-thumbnail=\"https:\/\/www.cc-laplaine-jurassienne.fr\/wp-content\/uploads\/2025\/03\/ccpj-ens-smdl-300x225.jpg\" data-width=\"300\" data-height=\"225\" aria-label=\"\" role=\"img\" ><\/div>\n\t\t\t\t\t\t\t\t\t\t\t<div class=\"elementor-gallery-item__overlay\"><\/div>\n\t\t\t\t\t\t\t\t\t\t\t\t\t\t<\/a>\n\t\t\t\t\t\t\t<a class=\"e-gallery-item elementor-gallery-item elementor-animated-content\" href=\"https:\/\/www.cc-laplaine-jurassienne.fr\/wp-content\/uploads\/2025\/03\/ccpj-petit-noir.jpg\" data-elementor-open-lightbox=\"yes\" data-elementor-lightbox-slideshow=\"471f635\" data-elementor-lightbox-title=\"ccpj-petit-noir\" data-e-action-hash=\"#elementor-action%3Aaction%3Dlightbox%26settings%3DeyJpZCI6NjE2OCwidXJsIjoiaHR0cHM6XC9cL3d3dy5jYy1sYXBsYWluZS1qdXJhc3NpZW5uZS5mclwvd3AtY29udGVudFwvdXBsb2Fkc1wvMjAyNVwvMDNcL2NjcGotcGV0aXQtbm9pci5qcGciLCJzbGlkZXNob3ciOiI0NzFmNjM1In0%3D\">\n\t\t\t\t\t<div class=\"e-gallery-image elementor-gallery-item__image\" data-thumbnail=\"https:\/\/www.cc-laplaine-jurassienne.fr\/wp-content\/uploads\/2025\/03\/ccpj-petit-noir-300x225.jpg\" data-width=\"300\" data-height=\"225\" aria-label=\"\" role=\"img\" ><\/div>\n\t\t\t\t\t\t\t\t\t\t\t<div class=\"elementor-gallery-item__overlay\"><\/div>\n\t\t\t\t\t\t\t\t\t\t\t\t\t\t<\/a>\n\t\t\t\t\t<\/div>\n\t\t\t\t\t<\/div>\n\t\t\t\t<\/div>\n\t\t\t\t\t<\/div>\n\t\t<\/div>\n\t\t\t\t\t<\/div>\n\t\t<\/section>\n\t\t\t\t<\/div>\n\t\t","protected":false},"excerpt":{"rendered":"<p>\u00c0 l\u2019occasion de la\u00a0Journ\u00e9e Mondiale des Zones Humides, le service environnement de la Plaine Jurassienne\u00a0a organis\u00e9 une s\u00e9rie d\u2019animations tout au long du mois de f\u00e9vrier. En partenariat avec divers acteurs locaux, ces \u00e9v\u00e9nements ont permis de mettre en lumi\u00e8re la richesse des\u00a0zones humides\u00a0et la biodiversit\u00e9 qu\u2019elles abritent\u00a0: Observation des oiseaux d&rsquo;eau sur l&rsquo;ENS du [&hellip;]<\/p>\n","protected":false},"author":1,"featured_media":6162,"comment_status":"closed","ping_status":"closed","sticky":false,"template":"","format":"standard","meta":{"ocean_post_layout":"","ocean_both_sidebars_style":"","ocean_both_sidebars_content_width":0,"ocean_both_sidebars_sidebars_width":0,"ocean_sidebar":"","ocean_second_sidebar":"","ocean_disable_margins":"enable","ocean_add_body_class":"","ocean_shortcode_before_top_bar":"","ocean_shortcode_after_top_bar":"","ocean_shortcode_before_header":"","ocean_shortcode_after_header":"","ocean_has_shortcode":"","ocean_shortcode_after_title":"","ocean_shortcode_before_footer_widgets":"","ocean_shortcode_after_footer_widgets":"","ocean_shortcode_before_footer_bottom":"","ocean_shortcode_after_footer_bottom":"","ocean_display_top_bar":"default","ocean_display_header":"default","ocean_header_style":"","ocean_center_header_left_menu":"","ocean_custom_header_template":"","ocean_custom_logo":0,"ocean_custom_retina_logo":0,"ocean_custom_logo_max_width":0,"ocean_custom_logo_tablet_max_width":0,"ocean_custom_logo_mobile_max_width":0,"ocean_custom_logo_max_height":0,"ocean_custom_logo_tablet_max_height":0,"ocean_custom_logo_mobile_max_height":0,"ocean_header_custom_menu":"","ocean_menu_typo_font_family":"","ocean_menu_typo_font_subset":"","ocean_menu_typo_font_size":0,"ocean_menu_typo_font_size_tablet":0,"ocean_menu_typo_font_size_mobile":0,"ocean_menu_typo_font_size_unit":"px","ocean_menu_typo_font_weight":"","ocean_menu_typo_font_weight_tablet":"","ocean_menu_typo_font_weight_mobile":"","ocean_menu_typo_transform":"","ocean_menu_typo_transform_tablet":"","ocean_menu_typo_transform_mobile":"","ocean_menu_typo_line_height":0,"ocean_menu_typo_line_height_tablet":0,"ocean_menu_typo_line_height_mobile":0,"ocean_menu_typo_line_height_unit":"","ocean_menu_typo_spacing":0,"ocean_menu_typo_spacing_tablet":0,"ocean_menu_typo_spacing_mobile":0,"ocean_menu_typo_spacing_unit":"","ocean_menu_link_color":"","ocean_menu_link_color_hover":"","ocean_menu_link_color_active":"","ocean_menu_link_background":"","ocean_menu_link_hover_background":"","ocean_menu_link_active_background":"","ocean_menu_social_links_bg":"","ocean_menu_social_hover_links_bg":"","ocean_menu_social_links_color":"","ocean_menu_social_hover_links_color":"","ocean_disable_title":"on","ocean_disable_heading":"default","ocean_post_title":"","ocean_post_subheading":"","ocean_post_title_style":"","ocean_post_title_background_color":"","ocean_post_title_background":0,"ocean_post_title_bg_image_position":"","ocean_post_title_bg_image_attachment":"","ocean_post_title_bg_image_repeat":"","ocean_post_title_bg_image_size":"","ocean_post_title_height":0,"ocean_post_title_bg_overlay":0.5,"ocean_post_title_bg_overlay_color":"","ocean_disable_breadcrumbs":"default","ocean_breadcrumbs_color":"","ocean_breadcrumbs_separator_color":"","ocean_breadcrumbs_links_color":"","ocean_breadcrumbs_links_hover_color":"","ocean_display_footer_widgets":"default","ocean_display_footer_bottom":"default","ocean_custom_footer_template":"","ofc_meta_disable_footer_callout":"","ofc_meta_callout_button_url":"","ofc_meta_callout_button_txt":"","ofc_meta_callout_text":"","ofc_enable_fullscreen":"disable","ofc_fullscreen_speed":0,"ofc_fullscreen_nav":"enable","ofc_fullscreen_nav_pos":"right","ofc_fullscreen_nav_color":"","ofc_fullscreen_nav_tooltip_color":"","ofc_fullscreen_responsive":0,"osp_disable_panel":"default","osh_disable_topbar_sticky":"default","osh_disable_header_sticky":"default","osh_sticky_header_style":"default","osh_sticky_header_effect":"","osh_custom_sticky_logo":0,"osh_custom_retina_sticky_logo":0,"osh_custom_sticky_logo_height":0,"osh_background_color":"","osh_links_color":"","osh_links_hover_color":"","osh_links_active_color":"","osh_links_bg_color":"","osh_links_hover_bg_color":"","osh_links_active_bg_color":"","osh_menu_social_links_color":"","osh_menu_social_hover_links_color":"","ocean_post_oembed":"","ocean_post_self_hosted_media":"","ocean_post_video_embed":"","ocean_link_format":"","ocean_link_format_target":"self","ocean_quote_format":"","ocean_quote_format_link":"post","ocean_gallery_link_images":"on","ocean_gallery_id":[],"footnotes":""},"categories":[3],"tags":[],"class_list":["post-6161","post","type-post","status-publish","format-standard","has-post-thumbnail","hentry","category-actualite","entry","has-media"],"yoast_head":"<!-- This site is optimized with the Yoast SEO plugin v27.3 - https:\/\/yoast.com\/product\/yoast-seo-wordpress\/ -->\n<title>Journ\u00e9e Mondiale des Zones Humides : Un mois d\u2019animations avec la Plaine Jurassienne - Communaut\u00e9 de Communes de la Plaine Jurassienne<\/title>\n<meta name=\"robots\" content=\"index, follow, max-snippet:-1, max-image-preview:large, max-video-preview:-1\" \/>\n<link rel=\"canonical\" href=\"https:\/\/www.cc-laplaine-jurassienne.fr\/index.php\/2025\/03\/14\/journee-mondiale-des-zones-humides-un-mois-danimations-avec-la-plaine-jurassienne\/\" \/>\n<meta property=\"og:locale\" content=\"fr_FR\" \/>\n<meta property=\"og:type\" content=\"article\" \/>\n<meta property=\"og:title\" content=\"Journ\u00e9e Mondiale des Zones Humides : Un mois d\u2019animations avec la Plaine Jurassienne - Communaut\u00e9 de Communes de la Plaine Jurassienne\" \/>\n<meta property=\"og:description\" content=\"\u00c0 l\u2019occasion de la\u00a0Journ\u00e9e Mondiale des Zones Humides, le service environnement de la Plaine Jurassienne\u00a0a organis\u00e9 une s\u00e9rie d\u2019animations tout au long du mois de f\u00e9vrier. En partenariat avec divers acteurs locaux, ces \u00e9v\u00e9nements ont permis de mettre en lumi\u00e8re la richesse des\u00a0zones humides\u00a0et la biodiversit\u00e9 qu\u2019elles abritent\u00a0: Observation des oiseaux d&rsquo;eau sur l&rsquo;ENS du [&hellip;]\" \/>\n<meta property=\"og:url\" content=\"https:\/\/www.cc-laplaine-jurassienne.fr\/index.php\/2025\/03\/14\/journee-mondiale-des-zones-humides-un-mois-danimations-avec-la-plaine-jurassienne\/\" \/>\n<meta property=\"og:site_name\" content=\"Communaut\u00e9 de Communes de la Plaine Jurassienne\" \/>\n<meta property=\"article:published_time\" content=\"2025-03-14T15:14:32+00:00\" \/>\n<meta property=\"article:modified_time\" content=\"2025-03-14T15:16:13+00:00\" \/>\n<meta property=\"og:image\" content=\"https:\/\/www.cc-laplaine-jurassienne.fr\/wp-content\/uploads\/2025\/03\/castor-molay.jpg\" \/>\n\t<meta property=\"og:image:width\" content=\"1024\" \/>\n\t<meta property=\"og:image:height\" content=\"768\" \/>\n\t<meta property=\"og:image:type\" content=\"image\/jpeg\" \/>\n<meta name=\"author\" content=\"Laura\" \/>\n<meta name=\"twitter:card\" content=\"summary_large_image\" \/>\n<meta name=\"twitter:label1\" content=\"\u00c9crit par\" \/>\n\t<meta name=\"twitter:data1\" content=\"Laura\" \/>\n\t<meta name=\"twitter:label2\" content=\"Dur\u00e9e de lecture estim\u00e9e\" \/>\n\t<meta name=\"twitter:data2\" content=\"2 minutes\" \/>\n<script type=\"application\/ld+json\" class=\"yoast-schema-graph\">{\"@context\":\"https:\\\/\\\/schema.org\",\"@graph\":[{\"@type\":\"Article\",\"@id\":\"https:\\\/\\\/www.cc-laplaine-jurassienne.fr\\\/index.php\\\/2025\\\/03\\\/14\\\/journee-mondiale-des-zones-humides-un-mois-danimations-avec-la-plaine-jurassienne\\\/#article\",\"isPartOf\":{\"@id\":\"https:\\\/\\\/www.cc-laplaine-jurassienne.fr\\\/index.php\\\/2025\\\/03\\\/14\\\/journee-mondiale-des-zones-humides-un-mois-danimations-avec-la-plaine-jurassienne\\\/\"},\"author\":{\"name\":\"Laura\",\"@id\":\"https:\\\/\\\/www.cc-laplaine-jurassienne.fr\\\/#\\\/schema\\\/person\\\/c1b95599251b6dc977a22d5ca0421eda\"},\"headline\":\"Journ\u00e9e Mondiale des Zones Humides : Un mois d\u2019animations avec la Plaine Jurassienne\",\"datePublished\":\"2025-03-14T15:14:32+00:00\",\"dateModified\":\"2025-03-14T15:16:13+00:00\",\"mainEntityOfPage\":{\"@id\":\"https:\\\/\\\/www.cc-laplaine-jurassienne.fr\\\/index.php\\\/2025\\\/03\\\/14\\\/journee-mondiale-des-zones-humides-un-mois-danimations-avec-la-plaine-jurassienne\\\/\"},\"wordCount\":286,\"publisher\":{\"@id\":\"https:\\\/\\\/www.cc-laplaine-jurassienne.fr\\\/#organization\"},\"image\":{\"@id\":\"https:\\\/\\\/www.cc-laplaine-jurassienne.fr\\\/index.php\\\/2025\\\/03\\\/14\\\/journee-mondiale-des-zones-humides-un-mois-danimations-avec-la-plaine-jurassienne\\\/#primaryimage\"},\"thumbnailUrl\":\"https:\\\/\\\/www.cc-laplaine-jurassienne.fr\\\/wp-content\\\/uploads\\\/2025\\\/03\\\/castor-molay.jpg\",\"articleSection\":[\"Actualit\u00e9\"],\"inLanguage\":\"fr-FR\"},{\"@type\":\"WebPage\",\"@id\":\"https:\\\/\\\/www.cc-laplaine-jurassienne.fr\\\/index.php\\\/2025\\\/03\\\/14\\\/journee-mondiale-des-zones-humides-un-mois-danimations-avec-la-plaine-jurassienne\\\/\",\"url\":\"https:\\\/\\\/www.cc-laplaine-jurassienne.fr\\\/index.php\\\/2025\\\/03\\\/14\\\/journee-mondiale-des-zones-humides-un-mois-danimations-avec-la-plaine-jurassienne\\\/\",\"name\":\"Journ\u00e9e Mondiale des Zones Humides : Un mois d\u2019animations avec la Plaine Jurassienne - Communaut\u00e9 de Communes de la Plaine Jurassienne\",\"isPartOf\":{\"@id\":\"https:\\\/\\\/www.cc-laplaine-jurassienne.fr\\\/#website\"},\"primaryImageOfPage\":{\"@id\":\"https:\\\/\\\/www.cc-laplaine-jurassienne.fr\\\/index.php\\\/2025\\\/03\\\/14\\\/journee-mondiale-des-zones-humides-un-mois-danimations-avec-la-plaine-jurassienne\\\/#primaryimage\"},\"image\":{\"@id\":\"https:\\\/\\\/www.cc-laplaine-jurassienne.fr\\\/index.php\\\/2025\\\/03\\\/14\\\/journee-mondiale-des-zones-humides-un-mois-danimations-avec-la-plaine-jurassienne\\\/#primaryimage\"},\"thumbnailUrl\":\"https:\\\/\\\/www.cc-laplaine-jurassienne.fr\\\/wp-content\\\/uploads\\\/2025\\\/03\\\/castor-molay.jpg\",\"datePublished\":\"2025-03-14T15:14:32+00:00\",\"dateModified\":\"2025-03-14T15:16:13+00:00\",\"breadcrumb\":{\"@id\":\"https:\\\/\\\/www.cc-laplaine-jurassienne.fr\\\/index.php\\\/2025\\\/03\\\/14\\\/journee-mondiale-des-zones-humides-un-mois-danimations-avec-la-plaine-jurassienne\\\/#breadcrumb\"},\"inLanguage\":\"fr-FR\",\"potentialAction\":[{\"@type\":\"ReadAction\",\"target\":[\"https:\\\/\\\/www.cc-laplaine-jurassienne.fr\\\/index.php\\\/2025\\\/03\\\/14\\\/journee-mondiale-des-zones-humides-un-mois-danimations-avec-la-plaine-jurassienne\\\/\"]}]},{\"@type\":\"ImageObject\",\"inLanguage\":\"fr-FR\",\"@id\":\"https:\\\/\\\/www.cc-laplaine-jurassienne.fr\\\/index.php\\\/2025\\\/03\\\/14\\\/journee-mondiale-des-zones-humides-un-mois-danimations-avec-la-plaine-jurassienne\\\/#primaryimage\",\"url\":\"https:\\\/\\\/www.cc-laplaine-jurassienne.fr\\\/wp-content\\\/uploads\\\/2025\\\/03\\\/castor-molay.jpg\",\"contentUrl\":\"https:\\\/\\\/www.cc-laplaine-jurassienne.fr\\\/wp-content\\\/uploads\\\/2025\\\/03\\\/castor-molay.jpg\",\"width\":1024,\"height\":768},{\"@type\":\"BreadcrumbList\",\"@id\":\"https:\\\/\\\/www.cc-laplaine-jurassienne.fr\\\/index.php\\\/2025\\\/03\\\/14\\\/journee-mondiale-des-zones-humides-un-mois-danimations-avec-la-plaine-jurassienne\\\/#breadcrumb\",\"itemListElement\":[{\"@type\":\"ListItem\",\"position\":1,\"name\":\"Accueil\",\"item\":\"https:\\\/\\\/www.cc-laplaine-jurassienne.fr\\\/\"},{\"@type\":\"ListItem\",\"position\":2,\"name\":\"Journ\u00e9e Mondiale des Zones Humides : Un mois d\u2019animations avec la Plaine Jurassienne\"}]},{\"@type\":\"WebSite\",\"@id\":\"https:\\\/\\\/www.cc-laplaine-jurassienne.fr\\\/#website\",\"url\":\"https:\\\/\\\/www.cc-laplaine-jurassienne.fr\\\/\",\"name\":\"Communaut\u00e9 de Communes de la Plaine Jurassienne\",\"description\":\"\",\"publisher\":{\"@id\":\"https:\\\/\\\/www.cc-laplaine-jurassienne.fr\\\/#organization\"},\"potentialAction\":[{\"@type\":\"SearchAction\",\"target\":{\"@type\":\"EntryPoint\",\"urlTemplate\":\"https:\\\/\\\/www.cc-laplaine-jurassienne.fr\\\/?s={search_term_string}\"},\"query-input\":{\"@type\":\"PropertyValueSpecification\",\"valueRequired\":true,\"valueName\":\"search_term_string\"}}],\"inLanguage\":\"fr-FR\"},{\"@type\":\"Organization\",\"@id\":\"https:\\\/\\\/www.cc-laplaine-jurassienne.fr\\\/#organization\",\"name\":\"Communaut\u00e9 de Communes de la Plaine Jurassienne\",\"url\":\"https:\\\/\\\/www.cc-laplaine-jurassienne.fr\\\/\",\"logo\":{\"@type\":\"ImageObject\",\"inLanguage\":\"fr-FR\",\"@id\":\"https:\\\/\\\/www.cc-laplaine-jurassienne.fr\\\/#\\\/schema\\\/logo\\\/image\\\/\",\"url\":\"https:\\\/\\\/www.cc-laplaine-jurassienne.fr\\\/wp-content\\\/uploads\\\/2019\\\/11\\\/Nouveau-logo-PJ.png\",\"contentUrl\":\"https:\\\/\\\/www.cc-laplaine-jurassienne.fr\\\/wp-content\\\/uploads\\\/2019\\\/11\\\/Nouveau-logo-PJ.png\",\"width\":1794,\"height\":788,\"caption\":\"Communaut\u00e9 de Communes de la Plaine Jurassienne\"},\"image\":{\"@id\":\"https:\\\/\\\/www.cc-laplaine-jurassienne.fr\\\/#\\\/schema\\\/logo\\\/image\\\/\"}},{\"@type\":\"Person\",\"@id\":\"https:\\\/\\\/www.cc-laplaine-jurassienne.fr\\\/#\\\/schema\\\/person\\\/c1b95599251b6dc977a22d5ca0421eda\",\"name\":\"Laura\",\"image\":{\"@type\":\"ImageObject\",\"inLanguage\":\"fr-FR\",\"@id\":\"https:\\\/\\\/secure.gravatar.com\\\/avatar\\\/c0d1da44c128eac357b6b1fef002dd77022ad5a538502f661ed6d8733d5e1ea8?s=96&d=mm&r=g\",\"url\":\"https:\\\/\\\/secure.gravatar.com\\\/avatar\\\/c0d1da44c128eac357b6b1fef002dd77022ad5a538502f661ed6d8733d5e1ea8?s=96&d=mm&r=g\",\"contentUrl\":\"https:\\\/\\\/secure.gravatar.com\\\/avatar\\\/c0d1da44c128eac357b6b1fef002dd77022ad5a538502f661ed6d8733d5e1ea8?s=96&d=mm&r=g\",\"caption\":\"Laura\"},\"url\":\"https:\\\/\\\/www.cc-laplaine-jurassienne.fr\\\/index.php\\\/author\\\/admin3421\\\/\"}]}<\/script>\n<!-- \/ Yoast SEO plugin. -->","yoast_head_json":{"title":"Journ\u00e9e Mondiale des Zones Humides : Un mois d\u2019animations avec la Plaine Jurassienne - Communaut\u00e9 de Communes de la Plaine Jurassienne","robots":{"index":"index","follow":"follow","max-snippet":"max-snippet:-1","max-image-preview":"max-image-preview:large","max-video-preview":"max-video-preview:-1"},"canonical":"https:\/\/www.cc-laplaine-jurassienne.fr\/index.php\/2025\/03\/14\/journee-mondiale-des-zones-humides-un-mois-danimations-avec-la-plaine-jurassienne\/","og_locale":"fr_FR","og_type":"article","og_title":"Journ\u00e9e Mondiale des Zones Humides : Un mois d\u2019animations avec la Plaine Jurassienne - Communaut\u00e9 de Communes de la Plaine Jurassienne","og_description":"\u00c0 l\u2019occasion de la\u00a0Journ\u00e9e Mondiale des Zones Humides, le service environnement de la Plaine Jurassienne\u00a0a organis\u00e9 une s\u00e9rie d\u2019animations tout au long du mois de f\u00e9vrier. En partenariat avec divers acteurs locaux, ces \u00e9v\u00e9nements ont permis de mettre en lumi\u00e8re la richesse des\u00a0zones humides\u00a0et la biodiversit\u00e9 qu\u2019elles abritent\u00a0: Observation des oiseaux d&rsquo;eau sur l&rsquo;ENS du [&hellip;]","og_url":"https:\/\/www.cc-laplaine-jurassienne.fr\/index.php\/2025\/03\/14\/journee-mondiale-des-zones-humides-un-mois-danimations-avec-la-plaine-jurassienne\/","og_site_name":"Communaut\u00e9 de Communes de la Plaine Jurassienne","article_published_time":"2025-03-14T15:14:32+00:00","article_modified_time":"2025-03-14T15:16:13+00:00","og_image":[{"width":1024,"height":768,"url":"https:\/\/www.cc-laplaine-jurassienne.fr\/wp-content\/uploads\/2025\/03\/castor-molay.jpg","type":"image\/jpeg"}],"author":"Laura","twitter_card":"summary_large_image","twitter_misc":{"\u00c9crit par":"Laura","Dur\u00e9e de lecture estim\u00e9e":"2 minutes"},"schema":{"@context":"https:\/\/schema.org","@graph":[{"@type":"Article","@id":"https:\/\/www.cc-laplaine-jurassienne.fr\/index.php\/2025\/03\/14\/journee-mondiale-des-zones-humides-un-mois-danimations-avec-la-plaine-jurassienne\/#article","isPartOf":{"@id":"https:\/\/www.cc-laplaine-jurassienne.fr\/index.php\/2025\/03\/14\/journee-mondiale-des-zones-humides-un-mois-danimations-avec-la-plaine-jurassienne\/"},"author":{"name":"Laura","@id":"https:\/\/www.cc-laplaine-jurassienne.fr\/#\/schema\/person\/c1b95599251b6dc977a22d5ca0421eda"},"headline":"Journ\u00e9e Mondiale des Zones Humides : Un mois d\u2019animations avec la Plaine Jurassienne","datePublished":"2025-03-14T15:14:32+00:00","dateModified":"2025-03-14T15:16:13+00:00","mainEntityOfPage":{"@id":"https:\/\/www.cc-laplaine-jurassienne.fr\/index.php\/2025\/03\/14\/journee-mondiale-des-zones-humides-un-mois-danimations-avec-la-plaine-jurassienne\/"},"wordCount":286,"publisher":{"@id":"https:\/\/www.cc-laplaine-jurassienne.fr\/#organization"},"image":{"@id":"https:\/\/www.cc-laplaine-jurassienne.fr\/index.php\/2025\/03\/14\/journee-mondiale-des-zones-humides-un-mois-danimations-avec-la-plaine-jurassienne\/#primaryimage"},"thumbnailUrl":"https:\/\/www.cc-laplaine-jurassienne.fr\/wp-content\/uploads\/2025\/03\/castor-molay.jpg","articleSection":["Actualit\u00e9"],"inLanguage":"fr-FR"},{"@type":"WebPage","@id":"https:\/\/www.cc-laplaine-jurassienne.fr\/index.php\/2025\/03\/14\/journee-mondiale-des-zones-humides-un-mois-danimations-avec-la-plaine-jurassienne\/","url":"https:\/\/www.cc-laplaine-jurassienne.fr\/index.php\/2025\/03\/14\/journee-mondiale-des-zones-humides-un-mois-danimations-avec-la-plaine-jurassienne\/","name":"Journ\u00e9e Mondiale des Zones Humides : Un mois d\u2019animations avec la Plaine Jurassienne - Communaut\u00e9 de Communes de la Plaine Jurassienne","isPartOf":{"@id":"https:\/\/www.cc-laplaine-jurassienne.fr\/#website"},"primaryImageOfPage":{"@id":"https:\/\/www.cc-laplaine-jurassienne.fr\/index.php\/2025\/03\/14\/journee-mondiale-des-zones-humides-un-mois-danimations-avec-la-plaine-jurassienne\/#primaryimage"},"image":{"@id":"https:\/\/www.cc-laplaine-jurassienne.fr\/index.php\/2025\/03\/14\/journee-mondiale-des-zones-humides-un-mois-danimations-avec-la-plaine-jurassienne\/#primaryimage"},"thumbnailUrl":"https:\/\/www.cc-laplaine-jurassienne.fr\/wp-content\/uploads\/2025\/03\/castor-molay.jpg","datePublished":"2025-03-14T15:14:32+00:00","dateModified":"2025-03-14T15:16:13+00:00","breadcrumb":{"@id":"https:\/\/www.cc-laplaine-jurassienne.fr\/index.php\/2025\/03\/14\/journee-mondiale-des-zones-humides-un-mois-danimations-avec-la-plaine-jurassienne\/#breadcrumb"},"inLanguage":"fr-FR","potentialAction":[{"@type":"ReadAction","target":["https:\/\/www.cc-laplaine-jurassienne.fr\/index.php\/2025\/03\/14\/journee-mondiale-des-zones-humides-un-mois-danimations-avec-la-plaine-jurassienne\/"]}]},{"@type":"ImageObject","inLanguage":"fr-FR","@id":"https:\/\/www.cc-laplaine-jurassienne.fr\/index.php\/2025\/03\/14\/journee-mondiale-des-zones-humides-un-mois-danimations-avec-la-plaine-jurassienne\/#primaryimage","url":"https:\/\/www.cc-laplaine-jurassienne.fr\/wp-content\/uploads\/2025\/03\/castor-molay.jpg","contentUrl":"https:\/\/www.cc-laplaine-jurassienne.fr\/wp-content\/uploads\/2025\/03\/castor-molay.jpg","width":1024,"height":768},{"@type":"BreadcrumbList","@id":"https:\/\/www.cc-laplaine-jurassienne.fr\/index.php\/2025\/03\/14\/journee-mondiale-des-zones-humides-un-mois-danimations-avec-la-plaine-jurassienne\/#breadcrumb","itemListElement":[{"@type":"ListItem","position":1,"name":"Accueil","item":"https:\/\/www.cc-laplaine-jurassienne.fr\/"},{"@type":"ListItem","position":2,"name":"Journ\u00e9e Mondiale des Zones Humides : Un mois d\u2019animations avec la Plaine Jurassienne"}]},{"@type":"WebSite","@id":"https:\/\/www.cc-laplaine-jurassienne.fr\/#website","url":"https:\/\/www.cc-laplaine-jurassienne.fr\/","name":"Communaut\u00e9 de Communes de la Plaine Jurassienne","description":"","publisher":{"@id":"https:\/\/www.cc-laplaine-jurassienne.fr\/#organization"},"potentialAction":[{"@type":"SearchAction","target":{"@type":"EntryPoint","urlTemplate":"https:\/\/www.cc-laplaine-jurassienne.fr\/?s={search_term_string}"},"query-input":{"@type":"PropertyValueSpecification","valueRequired":true,"valueName":"search_term_string"}}],"inLanguage":"fr-FR"},{"@type":"Organization","@id":"https:\/\/www.cc-laplaine-jurassienne.fr\/#organization","name":"Communaut\u00e9 de Communes de la Plaine Jurassienne","url":"https:\/\/www.cc-laplaine-jurassienne.fr\/","logo":{"@type":"ImageObject","inLanguage":"fr-FR","@id":"https:\/\/www.cc-laplaine-jurassienne.fr\/#\/schema\/logo\/image\/","url":"https:\/\/www.cc-laplaine-jurassienne.fr\/wp-content\/uploads\/2019\/11\/Nouveau-logo-PJ.png","contentUrl":"https:\/\/www.cc-laplaine-jurassienne.fr\/wp-content\/uploads\/2019\/11\/Nouveau-logo-PJ.png","width":1794,"height":788,"caption":"Communaut\u00e9 de Communes de la Plaine Jurassienne"},"image":{"@id":"https:\/\/www.cc-laplaine-jurassienne.fr\/#\/schema\/logo\/image\/"}},{"@type":"Person","@id":"https:\/\/www.cc-laplaine-jurassienne.fr\/#\/schema\/person\/c1b95599251b6dc977a22d5ca0421eda","name":"Laura","image":{"@type":"ImageObject","inLanguage":"fr-FR","@id":"https:\/\/secure.gravatar.com\/avatar\/c0d1da44c128eac357b6b1fef002dd77022ad5a538502f661ed6d8733d5e1ea8?s=96&d=mm&r=g","url":"https:\/\/secure.gravatar.com\/avatar\/c0d1da44c128eac357b6b1fef002dd77022ad5a538502f661ed6d8733d5e1ea8?s=96&d=mm&r=g","contentUrl":"https:\/\/secure.gravatar.com\/avatar\/c0d1da44c128eac357b6b1fef002dd77022ad5a538502f661ed6d8733d5e1ea8?s=96&d=mm&r=g","caption":"Laura"},"url":"https:\/\/www.cc-laplaine-jurassienne.fr\/index.php\/author\/admin3421\/"}]}},"_links":{"self":[{"href":"https:\/\/www.cc-laplaine-jurassienne.fr\/index.php\/wp-json\/wp\/v2\/posts\/6161","targetHints":{"allow":["GET"]}}],"collection":[{"href":"https:\/\/www.cc-laplaine-jurassienne.fr\/index.php\/wp-json\/wp\/v2\/posts"}],"about":[{"href":"https:\/\/www.cc-laplaine-jurassienne.fr\/index.php\/wp-json\/wp\/v2\/types\/post"}],"author":[{"embeddable":true,"href":"https:\/\/www.cc-laplaine-jurassienne.fr\/index.php\/wp-json\/wp\/v2\/users\/1"}],"replies":[{"embeddable":true,"href":"https:\/\/www.cc-laplaine-jurassienne.fr\/index.php\/wp-json\/wp\/v2\/comments?post=6161"}],"version-history":[{"count":4,"href":"https:\/\/www.cc-laplaine-jurassienne.fr\/index.php\/wp-json\/wp\/v2\/posts\/6161\/revisions"}],"predecessor-version":[{"id":6173,"href":"https:\/\/www.cc-laplaine-jurassienne.fr\/index.php\/wp-json\/wp\/v2\/posts\/6161\/revisions\/6173"}],"wp:featuredmedia":[{"embeddable":true,"href":"https:\/\/www.cc-laplaine-jurassienne.fr\/index.php\/wp-json\/wp\/v2\/media\/6162"}],"wp:attachment":[{"href":"https:\/\/www.cc-laplaine-jurassienne.fr\/index.php\/wp-json\/wp\/v2\/media?parent=6161"}],"wp:term":[{"taxonomy":"category","embeddable":true,"href":"https:\/\/www.cc-laplaine-jurassienne.fr\/index.php\/wp-json\/wp\/v2\/categories?post=6161"},{"taxonomy":"post_tag","embeddable":true,"href":"https:\/\/www.cc-laplaine-jurassienne.fr\/index.php\/wp-json\/wp\/v2\/tags?post=6161"}],"curies":[{"name":"wp","href":"https:\/\/api.w.org\/{rel}","templated":true}]}}