{"id":6660,"date":"2025-08-08T15:39:24","date_gmt":"2025-08-08T13:39:24","guid":{"rendered":"https:\/\/www.cc-laplaine-jurassienne.fr\/?p=6660"},"modified":"2025-08-14T09:54:13","modified_gmt":"2025-08-14T07:54:13","slug":"une-boite-a-idees-pour-votre-future-maison-partagee","status":"publish","type":"post","link":"https:\/\/www.cc-laplaine-jurassienne.fr\/index.php\/2025\/08\/08\/une-boite-a-idees-pour-votre-future-maison-partagee\/","title":{"rendered":"Une bo\u00eete \u00e0 id\u00e9es pour votre future maison partag\u00e9e\u00a0!"},"content":{"rendered":"\t\t<div data-elementor-type=\"wp-post\" data-elementor-id=\"6660\" class=\"elementor elementor-6660\" data-elementor-post-type=\"post\">\n\t\t\t\t\t\t<section class=\"elementor-section elementor-top-section elementor-element elementor-element-885c383 elementor-section-boxed elementor-section-height-default elementor-section-height-default\" data-id=\"885c383\" data-element_type=\"section\" data-e-type=\"section\">\n\t\t\t\t\t\t<div class=\"elementor-container elementor-column-gap-default\">\n\t\t\t\t\t<div class=\"elementor-column elementor-col-100 elementor-top-column elementor-element elementor-element-c74d0d9\" data-id=\"c74d0d9\" data-element_type=\"column\" data-e-type=\"column\">\n\t\t\t<div class=\"elementor-widget-wrap elementor-element-populated\">\n\t\t\t\t\t\t<div class=\"elementor-element elementor-element-55b53c2 elementor-widget elementor-widget-text-editor\" data-id=\"55b53c2\" data-element_type=\"widget\" data-e-type=\"widget\" data-widget_type=\"text-editor.default\">\n\t\t\t\t<div class=\"elementor-widget-container\">\n\t\t\t\t\t\t\t\t\t<div><p>Une<span class=\"apple-converted-space\">\u00a0<\/span>bo\u00eete \u00e0 id\u00e9es<span class=\"apple-converted-space\">\u00a0<\/span>est d\u00e9sormais \u00e0 votre disposition dans le hall de la Communaut\u00e9 de Communes ! Elle vous permet de partager vos envies, vos suggestions ou vos projets pour faire vivre<span class=\"apple-converted-space\">\u00a0<\/span>notre future maison partag\u00e9e, un lieu pens\u00e9<span class=\"apple-converted-space\">\u00a0<\/span>avec et pour les habitants.<\/p><\/div><div><p>Pour rappel, l\u2019objectif est de cr\u00e9er un lieu<span class=\"apple-converted-space\">\u00a0<\/span>ouvert, vivant et adapt\u00e9 \u00e0 de multiples usages<span class=\"apple-converted-space\">\u00a0<\/span>: animations, ateliers, rencontres, partages de savoirs, projets collectifs, moments de d\u00e9tente&#8230; Un espace<span class=\"apple-converted-space\">\u00a0<\/span>de culture, d\u2019\u00e9changes, de loisirs,<span class=\"apple-converted-space\">\u00a0<\/span>interg\u00e9n\u00e9rationnel et tourn\u00e9 vers le monde.<\/p><\/div><div><p>Vous avez une id\u00e9e d\u2019activit\u00e9 ? Un besoin ? Une envie de vous impliquer ?<br \/>D\u00e9posez votre mot dans la bo\u00eete !<\/p><\/div>\t\t\t\t\t\t\t\t<\/div>\n\t\t\t\t<\/div>\n\t\t\t\t\t<\/div>\n\t\t<\/div>\n\t\t\t\t\t<\/div>\n\t\t<\/section>\n\t\t\t\t<\/div>\n\t\t","protected":false},"excerpt":{"rendered":"<p>Une\u00a0bo\u00eete \u00e0 id\u00e9es\u00a0est d\u00e9sormais \u00e0 votre disposition dans le hall de la Communaut\u00e9 de Communes ! Elle vous permet de partager vos envies, vos suggestions ou vos projets pour faire vivre\u00a0notre future maison partag\u00e9e, un lieu pens\u00e9\u00a0avec et pour les habitants. Pour rappel, l\u2019objectif est de cr\u00e9er un lieu\u00a0ouvert, vivant et adapt\u00e9 \u00e0 de multiples [&hellip;]<\/p>\n","protected":false},"author":1,"featured_media":6661,"comment_status":"closed","ping_status":"closed","sticky":false,"template":"","format":"standard","meta":{"ocean_post_layout":"","ocean_both_sidebars_style":"","ocean_both_sidebars_content_width":0,"ocean_both_sidebars_sidebars_width":0,"ocean_sidebar":"","ocean_second_sidebar":"","ocean_disable_margins":"enable","ocean_add_body_class":"","ocean_shortcode_before_top_bar":"","ocean_shortcode_after_top_bar":"","ocean_shortcode_before_header":"","ocean_shortcode_after_header":"","ocean_has_shortcode":"","ocean_shortcode_after_title":"","ocean_shortcode_before_footer_widgets":"","ocean_shortcode_after_footer_widgets":"","ocean_shortcode_before_footer_bottom":"","ocean_shortcode_after_footer_bottom":"","ocean_display_top_bar":"default","ocean_display_header":"default","ocean_header_style":"","ocean_center_header_left_menu":"","ocean_custom_header_template":"","ocean_custom_logo":0,"ocean_custom_retina_logo":0,"ocean_custom_logo_max_width":0,"ocean_custom_logo_tablet_max_width":0,"ocean_custom_logo_mobile_max_width":0,"ocean_custom_logo_max_height":0,"ocean_custom_logo_tablet_max_height":0,"ocean_custom_logo_mobile_max_height":0,"ocean_header_custom_menu":"","ocean_menu_typo_font_family":"","ocean_menu_typo_font_subset":"","ocean_menu_typo_font_size":0,"ocean_menu_typo_font_size_tablet":0,"ocean_menu_typo_font_size_mobile":0,"ocean_menu_typo_font_size_unit":"px","ocean_menu_typo_font_weight":"","ocean_menu_typo_font_weight_tablet":"","ocean_menu_typo_font_weight_mobile":"","ocean_menu_typo_transform":"","ocean_menu_typo_transform_tablet":"","ocean_menu_typo_transform_mobile":"","ocean_menu_typo_line_height":0,"ocean_menu_typo_line_height_tablet":0,"ocean_menu_typo_line_height_mobile":0,"ocean_menu_typo_line_height_unit":"","ocean_menu_typo_spacing":0,"ocean_menu_typo_spacing_tablet":0,"ocean_menu_typo_spacing_mobile":0,"ocean_menu_typo_spacing_unit":"","ocean_menu_link_color":"","ocean_menu_link_color_hover":"","ocean_menu_link_color_active":"","ocean_menu_link_background":"","ocean_menu_link_hover_background":"","ocean_menu_link_active_background":"","ocean_menu_social_links_bg":"","ocean_menu_social_hover_links_bg":"","ocean_menu_social_links_color":"","ocean_menu_social_hover_links_color":"","ocean_disable_title":"on","ocean_disable_heading":"default","ocean_post_title":"","ocean_post_subheading":"","ocean_post_title_style":"","ocean_post_title_background_color":"","ocean_post_title_background":0,"ocean_post_title_bg_image_position":"","ocean_post_title_bg_image_attachment":"","ocean_post_title_bg_image_repeat":"","ocean_post_title_bg_image_size":"","ocean_post_title_height":0,"ocean_post_title_bg_overlay":0.5,"ocean_post_title_bg_overlay_color":"","ocean_disable_breadcrumbs":"default","ocean_breadcrumbs_color":"","ocean_breadcrumbs_separator_color":"","ocean_breadcrumbs_links_color":"","ocean_breadcrumbs_links_hover_color":"","ocean_display_footer_widgets":"default","ocean_display_footer_bottom":"default","ocean_custom_footer_template":"","ofc_meta_disable_footer_callout":"","ofc_meta_callout_button_url":"","ofc_meta_callout_button_txt":"","ofc_meta_callout_text":"","ofc_enable_fullscreen":"disable","ofc_fullscreen_speed":0,"ofc_fullscreen_nav":"enable","ofc_fullscreen_nav_pos":"right","ofc_fullscreen_nav_color":"","ofc_fullscreen_nav_tooltip_color":"","ofc_fullscreen_responsive":0,"osp_disable_panel":"default","osh_disable_topbar_sticky":"default","osh_disable_header_sticky":"default","osh_sticky_header_style":"default","osh_sticky_header_effect":"","osh_custom_sticky_logo":0,"osh_custom_retina_sticky_logo":0,"osh_custom_sticky_logo_height":0,"osh_background_color":"","osh_links_color":"","osh_links_hover_color":"","osh_links_active_color":"","osh_links_bg_color":"","osh_links_hover_bg_color":"","osh_links_active_bg_color":"","osh_menu_social_links_color":"","osh_menu_social_hover_links_color":"","ocean_post_oembed":"","ocean_post_self_hosted_media":"","ocean_post_video_embed":"","ocean_link_format":"","ocean_link_format_target":"self","ocean_quote_format":"","ocean_quote_format_link":"post","ocean_gallery_link_images":"on","ocean_gallery_id":[],"footnotes":""},"categories":[3],"tags":[],"class_list":["post-6660","post","type-post","status-publish","format-standard","has-post-thumbnail","hentry","category-actualite","entry","has-media"],"yoast_head":"<!-- This site is optimized with the Yoast SEO plugin v27.3 - https:\/\/yoast.com\/product\/yoast-seo-wordpress\/ -->\n<title>Une bo\u00eete \u00e0 id\u00e9es pour votre future maison partag\u00e9e\u00a0! - Communaut\u00e9 de Communes de la Plaine Jurassienne<\/title>\n<meta name=\"robots\" content=\"index, follow, max-snippet:-1, max-image-preview:large, max-video-preview:-1\" \/>\n<link rel=\"canonical\" href=\"https:\/\/www.cc-laplaine-jurassienne.fr\/index.php\/2025\/08\/08\/une-boite-a-idees-pour-votre-future-maison-partagee\/\" \/>\n<meta property=\"og:locale\" content=\"fr_FR\" \/>\n<meta property=\"og:type\" content=\"article\" \/>\n<meta property=\"og:title\" content=\"Une bo\u00eete \u00e0 id\u00e9es pour votre future maison partag\u00e9e\u00a0! - Communaut\u00e9 de Communes de la Plaine Jurassienne\" \/>\n<meta property=\"og:description\" content=\"Une\u00a0bo\u00eete \u00e0 id\u00e9es\u00a0est d\u00e9sormais \u00e0 votre disposition dans le hall de la Communaut\u00e9 de Communes ! Elle vous permet de partager vos envies, vos suggestions ou vos projets pour faire vivre\u00a0notre future maison partag\u00e9e, un lieu pens\u00e9\u00a0avec et pour les habitants. Pour rappel, l\u2019objectif est de cr\u00e9er un lieu\u00a0ouvert, vivant et adapt\u00e9 \u00e0 de multiples [&hellip;]\" \/>\n<meta property=\"og:url\" content=\"https:\/\/www.cc-laplaine-jurassienne.fr\/index.php\/2025\/08\/08\/une-boite-a-idees-pour-votre-future-maison-partagee\/\" \/>\n<meta property=\"og:site_name\" content=\"Communaut\u00e9 de Communes de la Plaine Jurassienne\" \/>\n<meta property=\"article:published_time\" content=\"2025-08-08T13:39:24+00:00\" \/>\n<meta property=\"article:modified_time\" content=\"2025-08-14T07:54:13+00:00\" \/>\n<meta name=\"author\" content=\"Laura\" \/>\n<meta name=\"twitter:card\" content=\"summary_large_image\" \/>\n<meta name=\"twitter:label1\" content=\"\u00c9crit par\" \/>\n\t<meta name=\"twitter:data1\" content=\"Laura\" \/>\n\t<meta name=\"twitter:label2\" content=\"Dur\u00e9e de lecture estim\u00e9e\" \/>\n\t<meta name=\"twitter:data2\" content=\"1 minute\" \/>\n<script type=\"application\/ld+json\" class=\"yoast-schema-graph\">{\"@context\":\"https:\\\/\\\/schema.org\",\"@graph\":[{\"@type\":\"Article\",\"@id\":\"https:\\\/\\\/www.cc-laplaine-jurassienne.fr\\\/index.php\\\/2025\\\/08\\\/08\\\/une-boite-a-idees-pour-votre-future-maison-partagee\\\/#article\",\"isPartOf\":{\"@id\":\"https:\\\/\\\/www.cc-laplaine-jurassienne.fr\\\/index.php\\\/2025\\\/08\\\/08\\\/une-boite-a-idees-pour-votre-future-maison-partagee\\\/\"},\"author\":{\"name\":\"Laura\",\"@id\":\"https:\\\/\\\/www.cc-laplaine-jurassienne.fr\\\/#\\\/schema\\\/person\\\/c1b95599251b6dc977a22d5ca0421eda\"},\"headline\":\"Une bo\u00eete \u00e0 id\u00e9es pour votre future maison partag\u00e9e\u00a0!\",\"datePublished\":\"2025-08-08T13:39:24+00:00\",\"dateModified\":\"2025-08-14T07:54:13+00:00\",\"mainEntityOfPage\":{\"@id\":\"https:\\\/\\\/www.cc-laplaine-jurassienne.fr\\\/index.php\\\/2025\\\/08\\\/08\\\/une-boite-a-idees-pour-votre-future-maison-partagee\\\/\"},\"wordCount\":124,\"publisher\":{\"@id\":\"https:\\\/\\\/www.cc-laplaine-jurassienne.fr\\\/#organization\"},\"image\":{\"@id\":\"https:\\\/\\\/www.cc-laplaine-jurassienne.fr\\\/index.php\\\/2025\\\/08\\\/08\\\/une-boite-a-idees-pour-votre-future-maison-partagee\\\/#primaryimage\"},\"thumbnailUrl\":\"https:\\\/\\\/www.cc-laplaine-jurassienne.fr\\\/wp-content\\\/uploads\\\/2025\\\/08\\\/boite-a-idees.heic\",\"articleSection\":[\"Actualit\u00e9\"],\"inLanguage\":\"fr-FR\"},{\"@type\":\"WebPage\",\"@id\":\"https:\\\/\\\/www.cc-laplaine-jurassienne.fr\\\/index.php\\\/2025\\\/08\\\/08\\\/une-boite-a-idees-pour-votre-future-maison-partagee\\\/\",\"url\":\"https:\\\/\\\/www.cc-laplaine-jurassienne.fr\\\/index.php\\\/2025\\\/08\\\/08\\\/une-boite-a-idees-pour-votre-future-maison-partagee\\\/\",\"name\":\"Une bo\u00eete \u00e0 id\u00e9es pour votre future maison partag\u00e9e\u00a0! - Communaut\u00e9 de Communes de la Plaine Jurassienne\",\"isPartOf\":{\"@id\":\"https:\\\/\\\/www.cc-laplaine-jurassienne.fr\\\/#website\"},\"primaryImageOfPage\":{\"@id\":\"https:\\\/\\\/www.cc-laplaine-jurassienne.fr\\\/index.php\\\/2025\\\/08\\\/08\\\/une-boite-a-idees-pour-votre-future-maison-partagee\\\/#primaryimage\"},\"image\":{\"@id\":\"https:\\\/\\\/www.cc-laplaine-jurassienne.fr\\\/index.php\\\/2025\\\/08\\\/08\\\/une-boite-a-idees-pour-votre-future-maison-partagee\\\/#primaryimage\"},\"thumbnailUrl\":\"https:\\\/\\\/www.cc-laplaine-jurassienne.fr\\\/wp-content\\\/uploads\\\/2025\\\/08\\\/boite-a-idees.heic\",\"datePublished\":\"2025-08-08T13:39:24+00:00\",\"dateModified\":\"2025-08-14T07:54:13+00:00\",\"breadcrumb\":{\"@id\":\"https:\\\/\\\/www.cc-laplaine-jurassienne.fr\\\/index.php\\\/2025\\\/08\\\/08\\\/une-boite-a-idees-pour-votre-future-maison-partagee\\\/#breadcrumb\"},\"inLanguage\":\"fr-FR\",\"potentialAction\":[{\"@type\":\"ReadAction\",\"target\":[\"https:\\\/\\\/www.cc-laplaine-jurassienne.fr\\\/index.php\\\/2025\\\/08\\\/08\\\/une-boite-a-idees-pour-votre-future-maison-partagee\\\/\"]}]},{\"@type\":\"ImageObject\",\"inLanguage\":\"fr-FR\",\"@id\":\"https:\\\/\\\/www.cc-laplaine-jurassienne.fr\\\/index.php\\\/2025\\\/08\\\/08\\\/une-boite-a-idees-pour-votre-future-maison-partagee\\\/#primaryimage\",\"url\":\"https:\\\/\\\/www.cc-laplaine-jurassienne.fr\\\/wp-content\\\/uploads\\\/2025\\\/08\\\/boite-a-idees.heic\",\"contentUrl\":\"https:\\\/\\\/www.cc-laplaine-jurassienne.fr\\\/wp-content\\\/uploads\\\/2025\\\/08\\\/boite-a-idees.heic\"},{\"@type\":\"BreadcrumbList\",\"@id\":\"https:\\\/\\\/www.cc-laplaine-jurassienne.fr\\\/index.php\\\/2025\\\/08\\\/08\\\/une-boite-a-idees-pour-votre-future-maison-partagee\\\/#breadcrumb\",\"itemListElement\":[{\"@type\":\"ListItem\",\"position\":1,\"name\":\"Accueil\",\"item\":\"https:\\\/\\\/www.cc-laplaine-jurassienne.fr\\\/\"},{\"@type\":\"ListItem\",\"position\":2,\"name\":\"Une bo\u00eete \u00e0 id\u00e9es pour votre future maison partag\u00e9e\u00a0!\"}]},{\"@type\":\"WebSite\",\"@id\":\"https:\\\/\\\/www.cc-laplaine-jurassienne.fr\\\/#website\",\"url\":\"https:\\\/\\\/www.cc-laplaine-jurassienne.fr\\\/\",\"name\":\"Communaut\u00e9 de Communes de la Plaine Jurassienne\",\"description\":\"\",\"publisher\":{\"@id\":\"https:\\\/\\\/www.cc-laplaine-jurassienne.fr\\\/#organization\"},\"potentialAction\":[{\"@type\":\"SearchAction\",\"target\":{\"@type\":\"EntryPoint\",\"urlTemplate\":\"https:\\\/\\\/www.cc-laplaine-jurassienne.fr\\\/?s={search_term_string}\"},\"query-input\":{\"@type\":\"PropertyValueSpecification\",\"valueRequired\":true,\"valueName\":\"search_term_string\"}}],\"inLanguage\":\"fr-FR\"},{\"@type\":\"Organization\",\"@id\":\"https:\\\/\\\/www.cc-laplaine-jurassienne.fr\\\/#organization\",\"name\":\"Communaut\u00e9 de Communes de la Plaine Jurassienne\",\"url\":\"https:\\\/\\\/www.cc-laplaine-jurassienne.fr\\\/\",\"logo\":{\"@type\":\"ImageObject\",\"inLanguage\":\"fr-FR\",\"@id\":\"https:\\\/\\\/www.cc-laplaine-jurassienne.fr\\\/#\\\/schema\\\/logo\\\/image\\\/\",\"url\":\"https:\\\/\\\/www.cc-laplaine-jurassienne.fr\\\/wp-content\\\/uploads\\\/2019\\\/11\\\/Nouveau-logo-PJ.png\",\"contentUrl\":\"https:\\\/\\\/www.cc-laplaine-jurassienne.fr\\\/wp-content\\\/uploads\\\/2019\\\/11\\\/Nouveau-logo-PJ.png\",\"width\":1794,\"height\":788,\"caption\":\"Communaut\u00e9 de Communes de la Plaine Jurassienne\"},\"image\":{\"@id\":\"https:\\\/\\\/www.cc-laplaine-jurassienne.fr\\\/#\\\/schema\\\/logo\\\/image\\\/\"}},{\"@type\":\"Person\",\"@id\":\"https:\\\/\\\/www.cc-laplaine-jurassienne.fr\\\/#\\\/schema\\\/person\\\/c1b95599251b6dc977a22d5ca0421eda\",\"name\":\"Laura\",\"image\":{\"@type\":\"ImageObject\",\"inLanguage\":\"fr-FR\",\"@id\":\"https:\\\/\\\/secure.gravatar.com\\\/avatar\\\/c0d1da44c128eac357b6b1fef002dd77022ad5a538502f661ed6d8733d5e1ea8?s=96&d=mm&r=g\",\"url\":\"https:\\\/\\\/secure.gravatar.com\\\/avatar\\\/c0d1da44c128eac357b6b1fef002dd77022ad5a538502f661ed6d8733d5e1ea8?s=96&d=mm&r=g\",\"contentUrl\":\"https:\\\/\\\/secure.gravatar.com\\\/avatar\\\/c0d1da44c128eac357b6b1fef002dd77022ad5a538502f661ed6d8733d5e1ea8?s=96&d=mm&r=g\",\"caption\":\"Laura\"},\"url\":\"https:\\\/\\\/www.cc-laplaine-jurassienne.fr\\\/index.php\\\/author\\\/admin3421\\\/\"}]}<\/script>\n<!-- \/ Yoast SEO plugin. -->","yoast_head_json":{"title":"Une bo\u00eete \u00e0 id\u00e9es pour votre future maison partag\u00e9e\u00a0! - Communaut\u00e9 de Communes de la Plaine Jurassienne","robots":{"index":"index","follow":"follow","max-snippet":"max-snippet:-1","max-image-preview":"max-image-preview:large","max-video-preview":"max-video-preview:-1"},"canonical":"https:\/\/www.cc-laplaine-jurassienne.fr\/index.php\/2025\/08\/08\/une-boite-a-idees-pour-votre-future-maison-partagee\/","og_locale":"fr_FR","og_type":"article","og_title":"Une bo\u00eete \u00e0 id\u00e9es pour votre future maison partag\u00e9e\u00a0! - Communaut\u00e9 de Communes de la Plaine Jurassienne","og_description":"Une\u00a0bo\u00eete \u00e0 id\u00e9es\u00a0est d\u00e9sormais \u00e0 votre disposition dans le hall de la Communaut\u00e9 de Communes ! Elle vous permet de partager vos envies, vos suggestions ou vos projets pour faire vivre\u00a0notre future maison partag\u00e9e, un lieu pens\u00e9\u00a0avec et pour les habitants. Pour rappel, l\u2019objectif est de cr\u00e9er un lieu\u00a0ouvert, vivant et adapt\u00e9 \u00e0 de multiples [&hellip;]","og_url":"https:\/\/www.cc-laplaine-jurassienne.fr\/index.php\/2025\/08\/08\/une-boite-a-idees-pour-votre-future-maison-partagee\/","og_site_name":"Communaut\u00e9 de Communes de la Plaine Jurassienne","article_published_time":"2025-08-08T13:39:24+00:00","article_modified_time":"2025-08-14T07:54:13+00:00","author":"Laura","twitter_card":"summary_large_image","twitter_misc":{"\u00c9crit par":"Laura","Dur\u00e9e de lecture estim\u00e9e":"1 minute"},"schema":{"@context":"https:\/\/schema.org","@graph":[{"@type":"Article","@id":"https:\/\/www.cc-laplaine-jurassienne.fr\/index.php\/2025\/08\/08\/une-boite-a-idees-pour-votre-future-maison-partagee\/#article","isPartOf":{"@id":"https:\/\/www.cc-laplaine-jurassienne.fr\/index.php\/2025\/08\/08\/une-boite-a-idees-pour-votre-future-maison-partagee\/"},"author":{"name":"Laura","@id":"https:\/\/www.cc-laplaine-jurassienne.fr\/#\/schema\/person\/c1b95599251b6dc977a22d5ca0421eda"},"headline":"Une bo\u00eete \u00e0 id\u00e9es pour votre future maison partag\u00e9e\u00a0!","datePublished":"2025-08-08T13:39:24+00:00","dateModified":"2025-08-14T07:54:13+00:00","mainEntityOfPage":{"@id":"https:\/\/www.cc-laplaine-jurassienne.fr\/index.php\/2025\/08\/08\/une-boite-a-idees-pour-votre-future-maison-partagee\/"},"wordCount":124,"publisher":{"@id":"https:\/\/www.cc-laplaine-jurassienne.fr\/#organization"},"image":{"@id":"https:\/\/www.cc-laplaine-jurassienne.fr\/index.php\/2025\/08\/08\/une-boite-a-idees-pour-votre-future-maison-partagee\/#primaryimage"},"thumbnailUrl":"https:\/\/www.cc-laplaine-jurassienne.fr\/wp-content\/uploads\/2025\/08\/boite-a-idees.heic","articleSection":["Actualit\u00e9"],"inLanguage":"fr-FR"},{"@type":"WebPage","@id":"https:\/\/www.cc-laplaine-jurassienne.fr\/index.php\/2025\/08\/08\/une-boite-a-idees-pour-votre-future-maison-partagee\/","url":"https:\/\/www.cc-laplaine-jurassienne.fr\/index.php\/2025\/08\/08\/une-boite-a-idees-pour-votre-future-maison-partagee\/","name":"Une bo\u00eete \u00e0 id\u00e9es pour votre future maison partag\u00e9e\u00a0! - Communaut\u00e9 de Communes de la Plaine Jurassienne","isPartOf":{"@id":"https:\/\/www.cc-laplaine-jurassienne.fr\/#website"},"primaryImageOfPage":{"@id":"https:\/\/www.cc-laplaine-jurassienne.fr\/index.php\/2025\/08\/08\/une-boite-a-idees-pour-votre-future-maison-partagee\/#primaryimage"},"image":{"@id":"https:\/\/www.cc-laplaine-jurassienne.fr\/index.php\/2025\/08\/08\/une-boite-a-idees-pour-votre-future-maison-partagee\/#primaryimage"},"thumbnailUrl":"https:\/\/www.cc-laplaine-jurassienne.fr\/wp-content\/uploads\/2025\/08\/boite-a-idees.heic","datePublished":"2025-08-08T13:39:24+00:00","dateModified":"2025-08-14T07:54:13+00:00","breadcrumb":{"@id":"https:\/\/www.cc-laplaine-jurassienne.fr\/index.php\/2025\/08\/08\/une-boite-a-idees-pour-votre-future-maison-partagee\/#breadcrumb"},"inLanguage":"fr-FR","potentialAction":[{"@type":"ReadAction","target":["https:\/\/www.cc-laplaine-jurassienne.fr\/index.php\/2025\/08\/08\/une-boite-a-idees-pour-votre-future-maison-partagee\/"]}]},{"@type":"ImageObject","inLanguage":"fr-FR","@id":"https:\/\/www.cc-laplaine-jurassienne.fr\/index.php\/2025\/08\/08\/une-boite-a-idees-pour-votre-future-maison-partagee\/#primaryimage","url":"https:\/\/www.cc-laplaine-jurassienne.fr\/wp-content\/uploads\/2025\/08\/boite-a-idees.heic","contentUrl":"https:\/\/www.cc-laplaine-jurassienne.fr\/wp-content\/uploads\/2025\/08\/boite-a-idees.heic"},{"@type":"BreadcrumbList","@id":"https:\/\/www.cc-laplaine-jurassienne.fr\/index.php\/2025\/08\/08\/une-boite-a-idees-pour-votre-future-maison-partagee\/#breadcrumb","itemListElement":[{"@type":"ListItem","position":1,"name":"Accueil","item":"https:\/\/www.cc-laplaine-jurassienne.fr\/"},{"@type":"ListItem","position":2,"name":"Une bo\u00eete \u00e0 id\u00e9es pour votre future maison partag\u00e9e\u00a0!"}]},{"@type":"WebSite","@id":"https:\/\/www.cc-laplaine-jurassienne.fr\/#website","url":"https:\/\/www.cc-laplaine-jurassienne.fr\/","name":"Communaut\u00e9 de Communes de la Plaine Jurassienne","description":"","publisher":{"@id":"https:\/\/www.cc-laplaine-jurassienne.fr\/#organization"},"potentialAction":[{"@type":"SearchAction","target":{"@type":"EntryPoint","urlTemplate":"https:\/\/www.cc-laplaine-jurassienne.fr\/?s={search_term_string}"},"query-input":{"@type":"PropertyValueSpecification","valueRequired":true,"valueName":"search_term_string"}}],"inLanguage":"fr-FR"},{"@type":"Organization","@id":"https:\/\/www.cc-laplaine-jurassienne.fr\/#organization","name":"Communaut\u00e9 de Communes de la Plaine Jurassienne","url":"https:\/\/www.cc-laplaine-jurassienne.fr\/","logo":{"@type":"ImageObject","inLanguage":"fr-FR","@id":"https:\/\/www.cc-laplaine-jurassienne.fr\/#\/schema\/logo\/image\/","url":"https:\/\/www.cc-laplaine-jurassienne.fr\/wp-content\/uploads\/2019\/11\/Nouveau-logo-PJ.png","contentUrl":"https:\/\/www.cc-laplaine-jurassienne.fr\/wp-content\/uploads\/2019\/11\/Nouveau-logo-PJ.png","width":1794,"height":788,"caption":"Communaut\u00e9 de Communes de la Plaine Jurassienne"},"image":{"@id":"https:\/\/www.cc-laplaine-jurassienne.fr\/#\/schema\/logo\/image\/"}},{"@type":"Person","@id":"https:\/\/www.cc-laplaine-jurassienne.fr\/#\/schema\/person\/c1b95599251b6dc977a22d5ca0421eda","name":"Laura","image":{"@type":"ImageObject","inLanguage":"fr-FR","@id":"https:\/\/secure.gravatar.com\/avatar\/c0d1da44c128eac357b6b1fef002dd77022ad5a538502f661ed6d8733d5e1ea8?s=96&d=mm&r=g","url":"https:\/\/secure.gravatar.com\/avatar\/c0d1da44c128eac357b6b1fef002dd77022ad5a538502f661ed6d8733d5e1ea8?s=96&d=mm&r=g","contentUrl":"https:\/\/secure.gravatar.com\/avatar\/c0d1da44c128eac357b6b1fef002dd77022ad5a538502f661ed6d8733d5e1ea8?s=96&d=mm&r=g","caption":"Laura"},"url":"https:\/\/www.cc-laplaine-jurassienne.fr\/index.php\/author\/admin3421\/"}]}},"_links":{"self":[{"href":"https:\/\/www.cc-laplaine-jurassienne.fr\/index.php\/wp-json\/wp\/v2\/posts\/6660","targetHints":{"allow":["GET"]}}],"collection":[{"href":"https:\/\/www.cc-laplaine-jurassienne.fr\/index.php\/wp-json\/wp\/v2\/posts"}],"about":[{"href":"https:\/\/www.cc-laplaine-jurassienne.fr\/index.php\/wp-json\/wp\/v2\/types\/post"}],"author":[{"embeddable":true,"href":"https:\/\/www.cc-laplaine-jurassienne.fr\/index.php\/wp-json\/wp\/v2\/users\/1"}],"replies":[{"embeddable":true,"href":"https:\/\/www.cc-laplaine-jurassienne.fr\/index.php\/wp-json\/wp\/v2\/comments?post=6660"}],"version-history":[{"count":4,"href":"https:\/\/www.cc-laplaine-jurassienne.fr\/index.php\/wp-json\/wp\/v2\/posts\/6660\/revisions"}],"predecessor-version":[{"id":6669,"href":"https:\/\/www.cc-laplaine-jurassienne.fr\/index.php\/wp-json\/wp\/v2\/posts\/6660\/revisions\/6669"}],"wp:featuredmedia":[{"embeddable":true,"href":"https:\/\/www.cc-laplaine-jurassienne.fr\/index.php\/wp-json\/wp\/v2\/media\/6661"}],"wp:attachment":[{"href":"https:\/\/www.cc-laplaine-jurassienne.fr\/index.php\/wp-json\/wp\/v2\/media?parent=6660"}],"wp:term":[{"taxonomy":"category","embeddable":true,"href":"https:\/\/www.cc-laplaine-jurassienne.fr\/index.php\/wp-json\/wp\/v2\/categories?post=6660"},{"taxonomy":"post_tag","embeddable":true,"href":"https:\/\/www.cc-laplaine-jurassienne.fr\/index.php\/wp-json\/wp\/v2\/tags?post=6660"}],"curies":[{"name":"wp","href":"https:\/\/api.w.org\/{rel}","templated":true}]}}