{"id":9226,"date":"2026-04-29T11:15:00","date_gmt":"2026-04-29T09:15:00","guid":{"rendered":"https:\/\/www.cc-laplaine-jurassienne.fr\/?p=9226"},"modified":"2026-04-29T11:16:08","modified_gmt":"2026-04-29T09:16:08","slug":"sortie-nigloland-annulee","status":"publish","type":"post","link":"https:\/\/www.cc-laplaine-jurassienne.fr\/index.php\/2026\/04\/29\/sortie-nigloland-annulee\/","title":{"rendered":"Sortie Nigloland annul\u00e9e"},"content":{"rendered":"\t\t<div data-elementor-type=\"wp-post\" data-elementor-id=\"9226\" class=\"elementor elementor-9226\" data-elementor-post-type=\"post\">\n\t\t\t\t<div class=\"elementor-element elementor-element-bf8e8af e-flex e-con-boxed e-con e-parent\" data-id=\"bf8e8af\" data-element_type=\"container\" data-e-type=\"container\">\n\t\t\t\t\t<div class=\"e-con-inner\">\n\t\t\t\t<div class=\"elementor-element elementor-element-1044421 elementor-widget elementor-widget-text-editor\" data-id=\"1044421\" data-element_type=\"widget\" data-e-type=\"widget\" data-widget_type=\"text-editor.default\">\n\t\t\t\t<div class=\"elementor-widget-container\">\n\t\t\t\t\t\t\t\t\t<p>Chers parents,<\/p><p>Nous tenons \u00e0 vous informer que, conform\u00e9ment \u00e0 la l\u00e9gislation en vigueur concernant l\u2019encadrement des sorties de mineurs par les collectivit\u00e9s locales, la Plaine Jurassienne se voit dans l\u2019obligation d\u2019annuler la sortie pr\u00e9vue \u00e0 Nigloland le 6 juillet 2026.<\/p><p>Cette d\u00e9cision n\u2019a pas \u00e9t\u00e9 prise \u00e0 la l\u00e9g\u00e8re, mais elle est n\u00e9cessaire pour garantir la s\u00e9curit\u00e9 et le bien-\u00eatre de vos enfants. En effet, la loi impose que toutes les sorties de mineurs soient encadr\u00e9es par des personnes titulaires d\u2019un dipl\u00f4me BAFA (Brevet d\u2019Aptitude aux Fonctions d\u2019Animateur). Malheureusement, nous n\u2019avons pas pu assurer le nombre suffisant d\u2019animateurs dipl\u00f4m\u00e9s pour cette sortie, ce qui aurait compromis la qualit\u00e9 de l\u2019encadrement et la s\u00e9curit\u00e9 indispensable lors de telles activit\u00e9s.<\/p><p>Nous comprenons que cette annulation puisse causer des d\u00e9ceptions, et nous en sommes sinc\u00e8rement d\u00e9sol\u00e9s. La s\u00e9curit\u00e9 de vos enfants est notre priorit\u00e9, et nous devons nous conformer aux exigences l\u00e9gales pour assurer un encadrement ad\u00e9quat.<\/p><p>Merci de votre compr\u00e9hension.<\/p><p>\u00a0<\/p>\t\t\t\t\t\t\t\t<\/div>\n\t\t\t\t<\/div>\n\t\t\t\t\t<\/div>\n\t\t\t\t<\/div>\n\t\t\t\t<\/div>\n\t\t","protected":false},"excerpt":{"rendered":"<p>Chers parents, Nous tenons \u00e0 vous informer que, conform\u00e9ment \u00e0 la l\u00e9gislation en vigueur concernant l\u2019encadrement des sorties de mineurs par les collectivit\u00e9s locales, la Plaine Jurassienne se voit dans l\u2019obligation d\u2019annuler la sortie pr\u00e9vue \u00e0 Nigloland le 6 juillet 2026. Cette d\u00e9cision n\u2019a pas \u00e9t\u00e9 prise \u00e0 la l\u00e9g\u00e8re, mais elle est n\u00e9cessaire pour [&hellip;]<\/p>\n","protected":false},"author":1,"featured_media":9227,"comment_status":"closed","ping_status":"closed","sticky":false,"template":"","format":"standard","meta":{"ocean_post_layout":"","ocean_both_sidebars_style":"","ocean_both_sidebars_content_width":0,"ocean_both_sidebars_sidebars_width":0,"ocean_sidebar":"","ocean_second_sidebar":"","ocean_disable_margins":"enable","ocean_add_body_class":"","ocean_shortcode_before_top_bar":"","ocean_shortcode_after_top_bar":"","ocean_shortcode_before_header":"","ocean_shortcode_after_header":"","ocean_has_shortcode":"","ocean_shortcode_after_title":"","ocean_shortcode_before_footer_widgets":"","ocean_shortcode_after_footer_widgets":"","ocean_shortcode_before_footer_bottom":"","ocean_shortcode_after_footer_bottom":"","ocean_display_top_bar":"default","ocean_display_header":"default","ocean_header_style":"","ocean_center_header_left_menu":"","ocean_custom_header_template":"","ocean_custom_logo":0,"ocean_custom_retina_logo":0,"ocean_custom_logo_max_width":0,"ocean_custom_logo_tablet_max_width":0,"ocean_custom_logo_mobile_max_width":0,"ocean_custom_logo_max_height":0,"ocean_custom_logo_tablet_max_height":0,"ocean_custom_logo_mobile_max_height":0,"ocean_header_custom_menu":"","ocean_menu_typo_font_family":"","ocean_menu_typo_font_subset":"","ocean_menu_typo_font_size":0,"ocean_menu_typo_font_size_tablet":0,"ocean_menu_typo_font_size_mobile":0,"ocean_menu_typo_font_size_unit":"px","ocean_menu_typo_font_weight":"","ocean_menu_typo_font_weight_tablet":"","ocean_menu_typo_font_weight_mobile":"","ocean_menu_typo_transform":"","ocean_menu_typo_transform_tablet":"","ocean_menu_typo_transform_mobile":"","ocean_menu_typo_line_height":0,"ocean_menu_typo_line_height_tablet":0,"ocean_menu_typo_line_height_mobile":0,"ocean_menu_typo_line_height_unit":"","ocean_menu_typo_spacing":0,"ocean_menu_typo_spacing_tablet":0,"ocean_menu_typo_spacing_mobile":0,"ocean_menu_typo_spacing_unit":"","ocean_menu_link_color":"","ocean_menu_link_color_hover":"","ocean_menu_link_color_active":"","ocean_menu_link_background":"","ocean_menu_link_hover_background":"","ocean_menu_link_active_background":"","ocean_menu_social_links_bg":"","ocean_menu_social_hover_links_bg":"","ocean_menu_social_links_color":"","ocean_menu_social_hover_links_color":"","ocean_disable_title":"on","ocean_disable_heading":"default","ocean_post_title":"","ocean_post_subheading":"","ocean_post_title_style":"","ocean_post_title_background_color":"","ocean_post_title_background":0,"ocean_post_title_bg_image_position":"","ocean_post_title_bg_image_attachment":"","ocean_post_title_bg_image_repeat":"","ocean_post_title_bg_image_size":"","ocean_post_title_height":0,"ocean_post_title_bg_overlay":0.5,"ocean_post_title_bg_overlay_color":"","ocean_disable_breadcrumbs":"default","ocean_breadcrumbs_color":"","ocean_breadcrumbs_separator_color":"","ocean_breadcrumbs_links_color":"","ocean_breadcrumbs_links_hover_color":"","ocean_display_footer_widgets":"default","ocean_display_footer_bottom":"default","ocean_custom_footer_template":"","ofc_meta_disable_footer_callout":"","ofc_meta_callout_button_url":"","ofc_meta_callout_button_txt":"","ofc_meta_callout_text":"","ofc_enable_fullscreen":"disable","ofc_fullscreen_speed":0,"ofc_fullscreen_nav":"enable","ofc_fullscreen_nav_pos":"right","ofc_fullscreen_nav_color":"","ofc_fullscreen_nav_tooltip_color":"","ofc_fullscreen_responsive":0,"osp_disable_panel":"default","osh_disable_topbar_sticky":"default","osh_disable_header_sticky":"default","osh_sticky_header_style":"default","osh_sticky_header_effect":"","osh_custom_sticky_logo":0,"osh_custom_retina_sticky_logo":0,"osh_custom_sticky_logo_height":0,"osh_background_color":"","osh_links_color":"","osh_links_hover_color":"","osh_links_active_color":"","osh_links_bg_color":"","osh_links_hover_bg_color":"","osh_links_active_bg_color":"","osh_menu_social_links_color":"","osh_menu_social_hover_links_color":"","ocean_post_oembed":"","ocean_post_self_hosted_media":"","ocean_post_video_embed":"","ocean_link_format":"","ocean_link_format_target":"self","ocean_quote_format":"","ocean_quote_format_link":"post","ocean_gallery_link_images":"on","ocean_gallery_id":[],"footnotes":""},"categories":[3],"tags":[],"class_list":["post-9226","post","type-post","status-publish","format-standard","has-post-thumbnail","hentry","category-actualite","entry","has-media"],"yoast_head":"<!-- This site is optimized with the Yoast SEO plugin v27.3 - https:\/\/yoast.com\/product\/yoast-seo-wordpress\/ -->\n<title>Sortie Nigloland annul\u00e9e - Communaut\u00e9 de Communes de la Plaine Jurassienne<\/title>\n<meta name=\"robots\" content=\"index, follow, max-snippet:-1, max-image-preview:large, max-video-preview:-1\" \/>\n<link rel=\"canonical\" href=\"https:\/\/www.cc-laplaine-jurassienne.fr\/index.php\/2026\/04\/29\/sortie-nigloland-annulee\/\" \/>\n<meta property=\"og:locale\" content=\"fr_FR\" \/>\n<meta property=\"og:type\" content=\"article\" \/>\n<meta property=\"og:title\" content=\"Sortie Nigloland annul\u00e9e - Communaut\u00e9 de Communes de la Plaine Jurassienne\" \/>\n<meta property=\"og:description\" content=\"Chers parents, Nous tenons \u00e0 vous informer que, conform\u00e9ment \u00e0 la l\u00e9gislation en vigueur concernant l\u2019encadrement des sorties de mineurs par les collectivit\u00e9s locales, la Plaine Jurassienne se voit dans l\u2019obligation d\u2019annuler la sortie pr\u00e9vue \u00e0 Nigloland le 6 juillet 2026. Cette d\u00e9cision n\u2019a pas \u00e9t\u00e9 prise \u00e0 la l\u00e9g\u00e8re, mais elle est n\u00e9cessaire pour [&hellip;]\" \/>\n<meta property=\"og:url\" content=\"https:\/\/www.cc-laplaine-jurassienne.fr\/index.php\/2026\/04\/29\/sortie-nigloland-annulee\/\" \/>\n<meta property=\"og:site_name\" content=\"Communaut\u00e9 de Communes de la Plaine Jurassienne\" \/>\n<meta property=\"article:published_time\" content=\"2026-04-29T09:15:00+00:00\" \/>\n<meta property=\"article:modified_time\" content=\"2026-04-29T09:16:08+00:00\" \/>\n<meta name=\"author\" content=\"Laura\" \/>\n<meta name=\"twitter:card\" content=\"summary_large_image\" \/>\n<meta name=\"twitter:label1\" content=\"\u00c9crit par\" \/>\n\t<meta name=\"twitter:data1\" content=\"Laura\" \/>\n\t<meta name=\"twitter:label2\" content=\"Dur\u00e9e de lecture estim\u00e9e\" \/>\n\t<meta name=\"twitter:data2\" content=\"1 minute\" \/>\n<script type=\"application\/ld+json\" class=\"yoast-schema-graph\">{\"@context\":\"https:\\\/\\\/schema.org\",\"@graph\":[{\"@type\":\"Article\",\"@id\":\"https:\\\/\\\/www.cc-laplaine-jurassienne.fr\\\/index.php\\\/2026\\\/04\\\/29\\\/sortie-nigloland-annulee\\\/#article\",\"isPartOf\":{\"@id\":\"https:\\\/\\\/www.cc-laplaine-jurassienne.fr\\\/index.php\\\/2026\\\/04\\\/29\\\/sortie-nigloland-annulee\\\/\"},\"author\":{\"name\":\"Laura\",\"@id\":\"https:\\\/\\\/www.cc-laplaine-jurassienne.fr\\\/#\\\/schema\\\/person\\\/c1b95599251b6dc977a22d5ca0421eda\"},\"headline\":\"Sortie Nigloland annul\u00e9e\",\"datePublished\":\"2026-04-29T09:15:00+00:00\",\"dateModified\":\"2026-04-29T09:16:08+00:00\",\"mainEntityOfPage\":{\"@id\":\"https:\\\/\\\/www.cc-laplaine-jurassienne.fr\\\/index.php\\\/2026\\\/04\\\/29\\\/sortie-nigloland-annulee\\\/\"},\"wordCount\":191,\"publisher\":{\"@id\":\"https:\\\/\\\/www.cc-laplaine-jurassienne.fr\\\/#organization\"},\"image\":{\"@id\":\"https:\\\/\\\/www.cc-laplaine-jurassienne.fr\\\/index.php\\\/2026\\\/04\\\/29\\\/sortie-nigloland-annulee\\\/#primaryimage\"},\"thumbnailUrl\":\"https:\\\/\\\/www.cc-laplaine-jurassienne.fr\\\/wp-content\\\/uploads\\\/2026\\\/04\\\/Affiche-nigloland-2026-annule-pdf.jpg\",\"articleSection\":[\"Actualit\u00e9\"],\"inLanguage\":\"fr-FR\"},{\"@type\":\"WebPage\",\"@id\":\"https:\\\/\\\/www.cc-laplaine-jurassienne.fr\\\/index.php\\\/2026\\\/04\\\/29\\\/sortie-nigloland-annulee\\\/\",\"url\":\"https:\\\/\\\/www.cc-laplaine-jurassienne.fr\\\/index.php\\\/2026\\\/04\\\/29\\\/sortie-nigloland-annulee\\\/\",\"name\":\"Sortie Nigloland annul\u00e9e - Communaut\u00e9 de Communes de la Plaine Jurassienne\",\"isPartOf\":{\"@id\":\"https:\\\/\\\/www.cc-laplaine-jurassienne.fr\\\/#website\"},\"primaryImageOfPage\":{\"@id\":\"https:\\\/\\\/www.cc-laplaine-jurassienne.fr\\\/index.php\\\/2026\\\/04\\\/29\\\/sortie-nigloland-annulee\\\/#primaryimage\"},\"image\":{\"@id\":\"https:\\\/\\\/www.cc-laplaine-jurassienne.fr\\\/index.php\\\/2026\\\/04\\\/29\\\/sortie-nigloland-annulee\\\/#primaryimage\"},\"thumbnailUrl\":\"https:\\\/\\\/www.cc-laplaine-jurassienne.fr\\\/wp-content\\\/uploads\\\/2026\\\/04\\\/Affiche-nigloland-2026-annule-pdf.jpg\",\"datePublished\":\"2026-04-29T09:15:00+00:00\",\"dateModified\":\"2026-04-29T09:16:08+00:00\",\"breadcrumb\":{\"@id\":\"https:\\\/\\\/www.cc-laplaine-jurassienne.fr\\\/index.php\\\/2026\\\/04\\\/29\\\/sortie-nigloland-annulee\\\/#breadcrumb\"},\"inLanguage\":\"fr-FR\",\"potentialAction\":[{\"@type\":\"ReadAction\",\"target\":[\"https:\\\/\\\/www.cc-laplaine-jurassienne.fr\\\/index.php\\\/2026\\\/04\\\/29\\\/sortie-nigloland-annulee\\\/\"]}]},{\"@type\":\"ImageObject\",\"inLanguage\":\"fr-FR\",\"@id\":\"https:\\\/\\\/www.cc-laplaine-jurassienne.fr\\\/index.php\\\/2026\\\/04\\\/29\\\/sortie-nigloland-annulee\\\/#primaryimage\",\"url\":\"https:\\\/\\\/www.cc-laplaine-jurassienne.fr\\\/wp-content\\\/uploads\\\/2026\\\/04\\\/Affiche-nigloland-2026-annule-pdf.jpg\",\"contentUrl\":\"https:\\\/\\\/www.cc-laplaine-jurassienne.fr\\\/wp-content\\\/uploads\\\/2026\\\/04\\\/Affiche-nigloland-2026-annule-pdf.jpg\"},{\"@type\":\"BreadcrumbList\",\"@id\":\"https:\\\/\\\/www.cc-laplaine-jurassienne.fr\\\/index.php\\\/2026\\\/04\\\/29\\\/sortie-nigloland-annulee\\\/#breadcrumb\",\"itemListElement\":[{\"@type\":\"ListItem\",\"position\":1,\"name\":\"Accueil\",\"item\":\"https:\\\/\\\/www.cc-laplaine-jurassienne.fr\\\/\"},{\"@type\":\"ListItem\",\"position\":2,\"name\":\"Sortie Nigloland annul\u00e9e\"}]},{\"@type\":\"WebSite\",\"@id\":\"https:\\\/\\\/www.cc-laplaine-jurassienne.fr\\\/#website\",\"url\":\"https:\\\/\\\/www.cc-laplaine-jurassienne.fr\\\/\",\"name\":\"Communaut\u00e9 de Communes de la Plaine Jurassienne\",\"description\":\"\",\"publisher\":{\"@id\":\"https:\\\/\\\/www.cc-laplaine-jurassienne.fr\\\/#organization\"},\"potentialAction\":[{\"@type\":\"SearchAction\",\"target\":{\"@type\":\"EntryPoint\",\"urlTemplate\":\"https:\\\/\\\/www.cc-laplaine-jurassienne.fr\\\/?s={search_term_string}\"},\"query-input\":{\"@type\":\"PropertyValueSpecification\",\"valueRequired\":true,\"valueName\":\"search_term_string\"}}],\"inLanguage\":\"fr-FR\"},{\"@type\":\"Organization\",\"@id\":\"https:\\\/\\\/www.cc-laplaine-jurassienne.fr\\\/#organization\",\"name\":\"Communaut\u00e9 de Communes de la Plaine Jurassienne\",\"url\":\"https:\\\/\\\/www.cc-laplaine-jurassienne.fr\\\/\",\"logo\":{\"@type\":\"ImageObject\",\"inLanguage\":\"fr-FR\",\"@id\":\"https:\\\/\\\/www.cc-laplaine-jurassienne.fr\\\/#\\\/schema\\\/logo\\\/image\\\/\",\"url\":\"https:\\\/\\\/www.cc-laplaine-jurassienne.fr\\\/wp-content\\\/uploads\\\/2019\\\/11\\\/Nouveau-logo-PJ.png\",\"contentUrl\":\"https:\\\/\\\/www.cc-laplaine-jurassienne.fr\\\/wp-content\\\/uploads\\\/2019\\\/11\\\/Nouveau-logo-PJ.png\",\"width\":1794,\"height\":788,\"caption\":\"Communaut\u00e9 de Communes de la Plaine Jurassienne\"},\"image\":{\"@id\":\"https:\\\/\\\/www.cc-laplaine-jurassienne.fr\\\/#\\\/schema\\\/logo\\\/image\\\/\"}},{\"@type\":\"Person\",\"@id\":\"https:\\\/\\\/www.cc-laplaine-jurassienne.fr\\\/#\\\/schema\\\/person\\\/c1b95599251b6dc977a22d5ca0421eda\",\"name\":\"Laura\",\"image\":{\"@type\":\"ImageObject\",\"inLanguage\":\"fr-FR\",\"@id\":\"https:\\\/\\\/secure.gravatar.com\\\/avatar\\\/c0d1da44c128eac357b6b1fef002dd77022ad5a538502f661ed6d8733d5e1ea8?s=96&d=mm&r=g\",\"url\":\"https:\\\/\\\/secure.gravatar.com\\\/avatar\\\/c0d1da44c128eac357b6b1fef002dd77022ad5a538502f661ed6d8733d5e1ea8?s=96&d=mm&r=g\",\"contentUrl\":\"https:\\\/\\\/secure.gravatar.com\\\/avatar\\\/c0d1da44c128eac357b6b1fef002dd77022ad5a538502f661ed6d8733d5e1ea8?s=96&d=mm&r=g\",\"caption\":\"Laura\"},\"url\":\"https:\\\/\\\/www.cc-laplaine-jurassienne.fr\\\/index.php\\\/author\\\/admin3421\\\/\"}]}<\/script>\n<!-- \/ Yoast SEO plugin. -->","yoast_head_json":{"title":"Sortie Nigloland annul\u00e9e - Communaut\u00e9 de Communes de la Plaine Jurassienne","robots":{"index":"index","follow":"follow","max-snippet":"max-snippet:-1","max-image-preview":"max-image-preview:large","max-video-preview":"max-video-preview:-1"},"canonical":"https:\/\/www.cc-laplaine-jurassienne.fr\/index.php\/2026\/04\/29\/sortie-nigloland-annulee\/","og_locale":"fr_FR","og_type":"article","og_title":"Sortie Nigloland annul\u00e9e - Communaut\u00e9 de Communes de la Plaine Jurassienne","og_description":"Chers parents, Nous tenons \u00e0 vous informer que, conform\u00e9ment \u00e0 la l\u00e9gislation en vigueur concernant l\u2019encadrement des sorties de mineurs par les collectivit\u00e9s locales, la Plaine Jurassienne se voit dans l\u2019obligation d\u2019annuler la sortie pr\u00e9vue \u00e0 Nigloland le 6 juillet 2026. Cette d\u00e9cision n\u2019a pas \u00e9t\u00e9 prise \u00e0 la l\u00e9g\u00e8re, mais elle est n\u00e9cessaire pour [&hellip;]","og_url":"https:\/\/www.cc-laplaine-jurassienne.fr\/index.php\/2026\/04\/29\/sortie-nigloland-annulee\/","og_site_name":"Communaut\u00e9 de Communes de la Plaine Jurassienne","article_published_time":"2026-04-29T09:15:00+00:00","article_modified_time":"2026-04-29T09:16:08+00:00","author":"Laura","twitter_card":"summary_large_image","twitter_misc":{"\u00c9crit par":"Laura","Dur\u00e9e de lecture estim\u00e9e":"1 minute"},"schema":{"@context":"https:\/\/schema.org","@graph":[{"@type":"Article","@id":"https:\/\/www.cc-laplaine-jurassienne.fr\/index.php\/2026\/04\/29\/sortie-nigloland-annulee\/#article","isPartOf":{"@id":"https:\/\/www.cc-laplaine-jurassienne.fr\/index.php\/2026\/04\/29\/sortie-nigloland-annulee\/"},"author":{"name":"Laura","@id":"https:\/\/www.cc-laplaine-jurassienne.fr\/#\/schema\/person\/c1b95599251b6dc977a22d5ca0421eda"},"headline":"Sortie Nigloland annul\u00e9e","datePublished":"2026-04-29T09:15:00+00:00","dateModified":"2026-04-29T09:16:08+00:00","mainEntityOfPage":{"@id":"https:\/\/www.cc-laplaine-jurassienne.fr\/index.php\/2026\/04\/29\/sortie-nigloland-annulee\/"},"wordCount":191,"publisher":{"@id":"https:\/\/www.cc-laplaine-jurassienne.fr\/#organization"},"image":{"@id":"https:\/\/www.cc-laplaine-jurassienne.fr\/index.php\/2026\/04\/29\/sortie-nigloland-annulee\/#primaryimage"},"thumbnailUrl":"https:\/\/www.cc-laplaine-jurassienne.fr\/wp-content\/uploads\/2026\/04\/Affiche-nigloland-2026-annule-pdf.jpg","articleSection":["Actualit\u00e9"],"inLanguage":"fr-FR"},{"@type":"WebPage","@id":"https:\/\/www.cc-laplaine-jurassienne.fr\/index.php\/2026\/04\/29\/sortie-nigloland-annulee\/","url":"https:\/\/www.cc-laplaine-jurassienne.fr\/index.php\/2026\/04\/29\/sortie-nigloland-annulee\/","name":"Sortie Nigloland annul\u00e9e - Communaut\u00e9 de Communes de la Plaine Jurassienne","isPartOf":{"@id":"https:\/\/www.cc-laplaine-jurassienne.fr\/#website"},"primaryImageOfPage":{"@id":"https:\/\/www.cc-laplaine-jurassienne.fr\/index.php\/2026\/04\/29\/sortie-nigloland-annulee\/#primaryimage"},"image":{"@id":"https:\/\/www.cc-laplaine-jurassienne.fr\/index.php\/2026\/04\/29\/sortie-nigloland-annulee\/#primaryimage"},"thumbnailUrl":"https:\/\/www.cc-laplaine-jurassienne.fr\/wp-content\/uploads\/2026\/04\/Affiche-nigloland-2026-annule-pdf.jpg","datePublished":"2026-04-29T09:15:00+00:00","dateModified":"2026-04-29T09:16:08+00:00","breadcrumb":{"@id":"https:\/\/www.cc-laplaine-jurassienne.fr\/index.php\/2026\/04\/29\/sortie-nigloland-annulee\/#breadcrumb"},"inLanguage":"fr-FR","potentialAction":[{"@type":"ReadAction","target":["https:\/\/www.cc-laplaine-jurassienne.fr\/index.php\/2026\/04\/29\/sortie-nigloland-annulee\/"]}]},{"@type":"ImageObject","inLanguage":"fr-FR","@id":"https:\/\/www.cc-laplaine-jurassienne.fr\/index.php\/2026\/04\/29\/sortie-nigloland-annulee\/#primaryimage","url":"https:\/\/www.cc-laplaine-jurassienne.fr\/wp-content\/uploads\/2026\/04\/Affiche-nigloland-2026-annule-pdf.jpg","contentUrl":"https:\/\/www.cc-laplaine-jurassienne.fr\/wp-content\/uploads\/2026\/04\/Affiche-nigloland-2026-annule-pdf.jpg"},{"@type":"BreadcrumbList","@id":"https:\/\/www.cc-laplaine-jurassienne.fr\/index.php\/2026\/04\/29\/sortie-nigloland-annulee\/#breadcrumb","itemListElement":[{"@type":"ListItem","position":1,"name":"Accueil","item":"https:\/\/www.cc-laplaine-jurassienne.fr\/"},{"@type":"ListItem","position":2,"name":"Sortie Nigloland annul\u00e9e"}]},{"@type":"WebSite","@id":"https:\/\/www.cc-laplaine-jurassienne.fr\/#website","url":"https:\/\/www.cc-laplaine-jurassienne.fr\/","name":"Communaut\u00e9 de Communes de la Plaine Jurassienne","description":"","publisher":{"@id":"https:\/\/www.cc-laplaine-jurassienne.fr\/#organization"},"potentialAction":[{"@type":"SearchAction","target":{"@type":"EntryPoint","urlTemplate":"https:\/\/www.cc-laplaine-jurassienne.fr\/?s={search_term_string}"},"query-input":{"@type":"PropertyValueSpecification","valueRequired":true,"valueName":"search_term_string"}}],"inLanguage":"fr-FR"},{"@type":"Organization","@id":"https:\/\/www.cc-laplaine-jurassienne.fr\/#organization","name":"Communaut\u00e9 de Communes de la Plaine Jurassienne","url":"https:\/\/www.cc-laplaine-jurassienne.fr\/","logo":{"@type":"ImageObject","inLanguage":"fr-FR","@id":"https:\/\/www.cc-laplaine-jurassienne.fr\/#\/schema\/logo\/image\/","url":"https:\/\/www.cc-laplaine-jurassienne.fr\/wp-content\/uploads\/2019\/11\/Nouveau-logo-PJ.png","contentUrl":"https:\/\/www.cc-laplaine-jurassienne.fr\/wp-content\/uploads\/2019\/11\/Nouveau-logo-PJ.png","width":1794,"height":788,"caption":"Communaut\u00e9 de Communes de la Plaine Jurassienne"},"image":{"@id":"https:\/\/www.cc-laplaine-jurassienne.fr\/#\/schema\/logo\/image\/"}},{"@type":"Person","@id":"https:\/\/www.cc-laplaine-jurassienne.fr\/#\/schema\/person\/c1b95599251b6dc977a22d5ca0421eda","name":"Laura","image":{"@type":"ImageObject","inLanguage":"fr-FR","@id":"https:\/\/secure.gravatar.com\/avatar\/c0d1da44c128eac357b6b1fef002dd77022ad5a538502f661ed6d8733d5e1ea8?s=96&d=mm&r=g","url":"https:\/\/secure.gravatar.com\/avatar\/c0d1da44c128eac357b6b1fef002dd77022ad5a538502f661ed6d8733d5e1ea8?s=96&d=mm&r=g","contentUrl":"https:\/\/secure.gravatar.com\/avatar\/c0d1da44c128eac357b6b1fef002dd77022ad5a538502f661ed6d8733d5e1ea8?s=96&d=mm&r=g","caption":"Laura"},"url":"https:\/\/www.cc-laplaine-jurassienne.fr\/index.php\/author\/admin3421\/"}]}},"_links":{"self":[{"href":"https:\/\/www.cc-laplaine-jurassienne.fr\/index.php\/wp-json\/wp\/v2\/posts\/9226","targetHints":{"allow":["GET"]}}],"collection":[{"href":"https:\/\/www.cc-laplaine-jurassienne.fr\/index.php\/wp-json\/wp\/v2\/posts"}],"about":[{"href":"https:\/\/www.cc-laplaine-jurassienne.fr\/index.php\/wp-json\/wp\/v2\/types\/post"}],"author":[{"embeddable":true,"href":"https:\/\/www.cc-laplaine-jurassienne.fr\/index.php\/wp-json\/wp\/v2\/users\/1"}],"replies":[{"embeddable":true,"href":"https:\/\/www.cc-laplaine-jurassienne.fr\/index.php\/wp-json\/wp\/v2\/comments?post=9226"}],"version-history":[{"count":4,"href":"https:\/\/www.cc-laplaine-jurassienne.fr\/index.php\/wp-json\/wp\/v2\/posts\/9226\/revisions"}],"predecessor-version":[{"id":9231,"href":"https:\/\/www.cc-laplaine-jurassienne.fr\/index.php\/wp-json\/wp\/v2\/posts\/9226\/revisions\/9231"}],"wp:featuredmedia":[{"embeddable":true,"href":"https:\/\/www.cc-laplaine-jurassienne.fr\/index.php\/wp-json\/wp\/v2\/media\/9227"}],"wp:attachment":[{"href":"https:\/\/www.cc-laplaine-jurassienne.fr\/index.php\/wp-json\/wp\/v2\/media?parent=9226"}],"wp:term":[{"taxonomy":"category","embeddable":true,"href":"https:\/\/www.cc-laplaine-jurassienne.fr\/index.php\/wp-json\/wp\/v2\/categories?post=9226"},{"taxonomy":"post_tag","embeddable":true,"href":"https:\/\/www.cc-laplaine-jurassienne.fr\/index.php\/wp-json\/wp\/v2\/tags?post=9226"}],"curies":[{"name":"wp","href":"https:\/\/api.w.org\/{rel}","templated":true}]}}